{"id":1278,"date":"2019-12-20T11:13:09","date_gmt":"2019-12-20T11:13:09","guid":{"rendered":"https:\/\/vocal.erasmus.site\/?p=1278"},"modified":"2020-01-20T11:40:36","modified_gmt":"2020-01-20T11:40:36","slug":"4th-transnational-meeting","status":"publish","type":"post","link":"https:\/\/vocal.erasmus.site\/de\/news\/4th-transnational-meeting\/","title":{"rendered":"4. Transnationales Treffen"},"content":{"rendered":"<p>Gastgeber f\u00fcr das 4. und letzte Transnationale Treffen des Projekts Vocal in Need, das am 12. September 2019 in der Polizeidirektion Dresden (DE) stattfand, war die Hochschule der S\u00e4chsischen Polizei (FH).<\/p>\n<p>Dieses transnationale Treffen diente dazu, alle F\u00e4den zusammenlaufen zu lassen und verbliebene kleinere Probleme in allen intellectual outputs zu l\u00f6sen sowie die Ergebnisse der Pilotphase zu diskutieren, um notwendige Korrekturen in den Onlinemodulen und der Smartphone App vornehmen zu k\u00f6nnen.<\/p>\n<p>Nachdem letzte administrative Fragen gekl\u00e4rt waren, wurde an den letzten Details zur Organisation der Abschlusskonferenz gefeilt.<\/p>\n<p>Zu guter Letzt haben die Partner Ideen zu einem Nachfolgeprojekt ausgetauscht und eine weitere Zusammenarbeit zur n\u00e4chsten Erasmus+ Deadline ab 2020 diskutiert.<\/p>","protected":false},"excerpt":{"rendered":"<p>Gastgeber f\u00fcr das 4. und letzte Transnationale Treffen des Projekts Vocal in Need, das am 12. September 2019 in der Polizeidirektion Dresden (DE) stattfand, war die Hochschule der S\u00e4chsischen Polizei (FH). Dieses transnationale Treffen diente dazu, alle F\u00e4den zusammenlaufen zu lassen und verbliebene kleinere Probleme in allen intellectual outputs zu l\u00f6sen sowie die Ergebnisse der [&hellip;]<\/p>\n","protected":false},"author":2,"featured_media":1281,"comment_status":"closed","ping_status":"open","sticky":false,"template":"","format":"standard","meta":{"jetpack_post_was_ever_published":false,"_jetpack_newsletter_access":"","_jetpack_dont_email_post_to_subs":false,"_jetpack_newsletter_tier_id":0,"_jetpack_memberships_contains_paywalled_content":false,"_jetpack_memberships_contains_paid_content":false,"footnotes":"","jetpack_publicize_message":"","jetpack_publicize_feature_enabled":true,"jetpack_social_post_already_shared":false,"jetpack_social_options":{"image_generator_settings":{"template":"highway","default_image_id":0,"font":"","enabled":false},"version":2}},"categories":[2],"tags":[],"class_list":["post-1278","post","type-post","status-publish","format-standard","has-post-thumbnail","hentry","category-news"],"yoast_head":"<!-- This site is optimized with the Yoast SEO plugin v27.4 - https:\/\/yoast.com\/product\/yoast-seo-wordpress\/ -->\n<title>4. Transnationales Treffen - Vocal in Need<\/title>\n<meta name=\"robots\" content=\"index, follow, max-snippet:-1, max-image-preview:large, max-video-preview:-1\" \/>\n<link rel=\"canonical\" href=\"https:\/\/vocal.erasmus.site\/news\/4th-transnational-meeting\/\" \/>\n<meta property=\"og:locale\" content=\"de_DE\" \/>\n<meta property=\"og:type\" content=\"article\" \/>\n<meta property=\"og:title\" content=\"4. Transnationales Treffen - Vocal in Need\" \/>\n<meta property=\"og:description\" content=\"Gastgeber f\u00fcr das 4. und letzte Transnationale Treffen des Projekts Vocal in Need, das am 12. September 2019 in der Polizeidirektion Dresden (DE) stattfand, war die Hochschule der S\u00e4chsischen Polizei (FH). Dieses transnationale Treffen diente dazu, alle F\u00e4den zusammenlaufen zu lassen und verbliebene kleinere Probleme in allen intellectual outputs zu l\u00f6sen sowie die Ergebnisse der [&hellip;]\" \/>\n<meta property=\"og:url\" content=\"https:\/\/vocal.erasmus.site\/news\/4th-transnational-meeting\/\" \/>\n<meta property=\"og:site_name\" content=\"Vocal in Need\" \/>\n<meta property=\"article:published_time\" content=\"2019-12-20T11:13:09+00:00\" \/>\n<meta property=\"article:modified_time\" content=\"2020-01-20T11:40:36+00:00\" \/>\n<meta property=\"og:image\" content=\"https:\/\/vocal.erasmus.site\/wp-content\/uploads\/2020\/01\/IMG_4983-1024x683.jpg\" \/>\n\t<meta property=\"og:image:width\" content=\"1024\" \/>\n\t<meta property=\"og:image:height\" content=\"683\" \/>\n\t<meta property=\"og:image:type\" content=\"image\/jpeg\" \/>\n<meta name=\"author\" content=\"admin\" \/>\n<meta name=\"twitter:card\" content=\"summary_large_image\" \/>\n<meta name=\"twitter:label1\" content=\"Verfasst von\" \/>\n\t<meta name=\"twitter:data1\" content=\"admin\" \/>\n\t<meta name=\"twitter:label2\" content=\"Gesch\u00e4tzte Lesezeit\" \/>\n\t<meta name=\"twitter:data2\" content=\"4\u00a0Minuten\" \/>\n<script type=\"application\/ld+json\" class=\"yoast-schema-graph\">{\"@context\":\"https:\\\/\\\/schema.org\",\"@graph\":[{\"@type\":\"Article\",\"@id\":\"https:\\\/\\\/vocal.erasmus.site\\\/news\\\/4th-transnational-meeting\\\/#article\",\"isPartOf\":{\"@id\":\"https:\\\/\\\/vocal.erasmus.site\\\/news\\\/4th-transnational-meeting\\\/\"},\"author\":{\"name\":\"admin\",\"@id\":\"https:\\\/\\\/vocal.erasmus.site\\\/#\\\/schema\\\/person\\\/85ffe4958a85203fdb9df909efde7c34\"},\"headline\":\"4. Transnationales Treffen\",\"datePublished\":\"2019-12-20T11:13:09+00:00\",\"dateModified\":\"2020-01-20T11:40:36+00:00\",\"mainEntityOfPage\":{\"@id\":\"https:\\\/\\\/vocal.erasmus.site\\\/news\\\/4th-transnational-meeting\\\/\"},\"wordCount\":865,\"publisher\":{\"@id\":\"https:\\\/\\\/vocal.erasmus.site\\\/#organization\"},\"image\":{\"@id\":\"https:\\\/\\\/vocal.erasmus.site\\\/news\\\/4th-transnational-meeting\\\/#primaryimage\"},\"thumbnailUrl\":\"https:\\\/\\\/i0.wp.com\\\/vocal.erasmus.site\\\/wp-content\\\/uploads\\\/2020\\\/01\\\/IMG_4983.jpg?fit=6000%2C4000&ssl=1\",\"articleSection\":[\"news\"],\"inLanguage\":\"de\"},{\"@type\":\"WebPage\",\"@id\":\"https:\\\/\\\/vocal.erasmus.site\\\/news\\\/4th-transnational-meeting\\\/\",\"url\":\"https:\\\/\\\/vocal.erasmus.site\\\/news\\\/4th-transnational-meeting\\\/\",\"name\":\"4. Transnationales Treffen - Vocal in Need\",\"isPartOf\":{\"@id\":\"https:\\\/\\\/vocal.erasmus.site\\\/#website\"},\"primaryImageOfPage\":{\"@id\":\"https:\\\/\\\/vocal.erasmus.site\\\/news\\\/4th-transnational-meeting\\\/#primaryimage\"},\"image\":{\"@id\":\"https:\\\/\\\/vocal.erasmus.site\\\/news\\\/4th-transnational-meeting\\\/#primaryimage\"},\"thumbnailUrl\":\"https:\\\/\\\/i0.wp.com\\\/vocal.erasmus.site\\\/wp-content\\\/uploads\\\/2020\\\/01\\\/IMG_4983.jpg?fit=6000%2C4000&ssl=1\",\"datePublished\":\"2019-12-20T11:13:09+00:00\",\"dateModified\":\"2020-01-20T11:40:36+00:00\",\"breadcrumb\":{\"@id\":\"https:\\\/\\\/vocal.erasmus.site\\\/news\\\/4th-transnational-meeting\\\/#breadcrumb\"},\"inLanguage\":\"de\",\"potentialAction\":[{\"@type\":\"ReadAction\",\"target\":[\"https:\\\/\\\/vocal.erasmus.site\\\/news\\\/4th-transnational-meeting\\\/\"]}]},{\"@type\":\"ImageObject\",\"inLanguage\":\"de\",\"@id\":\"https:\\\/\\\/vocal.erasmus.site\\\/news\\\/4th-transnational-meeting\\\/#primaryimage\",\"url\":\"https:\\\/\\\/i0.wp.com\\\/vocal.erasmus.site\\\/wp-content\\\/uploads\\\/2020\\\/01\\\/IMG_4983.jpg?fit=6000%2C4000&ssl=1\",\"contentUrl\":\"https:\\\/\\\/i0.wp.com\\\/vocal.erasmus.site\\\/wp-content\\\/uploads\\\/2020\\\/01\\\/IMG_4983.jpg?fit=6000%2C4000&ssl=1\",\"width\":6000,\"height\":4000},{\"@type\":\"BreadcrumbList\",\"@id\":\"https:\\\/\\\/vocal.erasmus.site\\\/news\\\/4th-transnational-meeting\\\/#breadcrumb\",\"itemListElement\":[{\"@type\":\"ListItem\",\"position\":1,\"name\":\"Home\",\"item\":\"https:\\\/\\\/vocal.erasmus.site\\\/\"},{\"@type\":\"ListItem\",\"position\":2,\"name\":\"4th transnational meeting\"}]},{\"@type\":\"WebSite\",\"@id\":\"https:\\\/\\\/vocal.erasmus.site\\\/#website\",\"url\":\"https:\\\/\\\/vocal.erasmus.site\\\/\",\"name\":\"Vocal in Need\",\"description\":\"\",\"publisher\":{\"@id\":\"https:\\\/\\\/vocal.erasmus.site\\\/#organization\"},\"potentialAction\":[{\"@type\":\"SearchAction\",\"target\":{\"@type\":\"EntryPoint\",\"urlTemplate\":\"https:\\\/\\\/vocal.erasmus.site\\\/?s={search_term_string}\"},\"query-input\":{\"@type\":\"PropertyValueSpecification\",\"valueRequired\":true,\"valueName\":\"search_term_string\"}}],\"inLanguage\":\"de\"},{\"@type\":\"Organization\",\"@id\":\"https:\\\/\\\/vocal.erasmus.site\\\/#organization\",\"name\":\"Vocal in Need\",\"url\":\"https:\\\/\\\/vocal.erasmus.site\\\/\",\"logo\":{\"@type\":\"ImageObject\",\"inLanguage\":\"de\",\"@id\":\"https:\\\/\\\/vocal.erasmus.site\\\/#\\\/schema\\\/logo\\\/image\\\/\",\"url\":\"https:\\\/\\\/i0.wp.com\\\/vocal.erasmus.site\\\/wp-content\\\/uploads\\\/2018\\\/03\\\/LOGO_FINAL-300x75.png?fit=300%2C75&ssl=1\",\"contentUrl\":\"https:\\\/\\\/i0.wp.com\\\/vocal.erasmus.site\\\/wp-content\\\/uploads\\\/2018\\\/03\\\/LOGO_FINAL-300x75.png?fit=300%2C75&ssl=1\",\"width\":300,\"height\":75,\"caption\":\"Vocal in Need\"},\"image\":{\"@id\":\"https:\\\/\\\/vocal.erasmus.site\\\/#\\\/schema\\\/logo\\\/image\\\/\"}},{\"@type\":\"Person\",\"@id\":\"https:\\\/\\\/vocal.erasmus.site\\\/#\\\/schema\\\/person\\\/85ffe4958a85203fdb9df909efde7c34\",\"name\":\"admin\",\"image\":{\"@type\":\"ImageObject\",\"inLanguage\":\"de\",\"@id\":\"https:\\\/\\\/secure.gravatar.com\\\/avatar\\\/c24bfdd45307cf22a3472c1da6949f775fd809231767deebce537dda381c81f0?s=96&d=mm&r=g\",\"url\":\"https:\\\/\\\/secure.gravatar.com\\\/avatar\\\/c24bfdd45307cf22a3472c1da6949f775fd809231767deebce537dda381c81f0?s=96&d=mm&r=g\",\"contentUrl\":\"https:\\\/\\\/secure.gravatar.com\\\/avatar\\\/c24bfdd45307cf22a3472c1da6949f775fd809231767deebce537dda381c81f0?s=96&d=mm&r=g\",\"caption\":\"admin\"},\"url\":\"https:\\\/\\\/vocal.erasmus.site\\\/de\\\/author\\\/admin\\\/\"}]}<\/script>\n<!-- \/ Yoast SEO plugin. -->","yoast_head_json":{"title":"4. Transnationales Treffen - Vocal in Need","robots":{"index":"index","follow":"follow","max-snippet":"max-snippet:-1","max-image-preview":"max-image-preview:large","max-video-preview":"max-video-preview:-1"},"canonical":"https:\/\/vocal.erasmus.site\/news\/4th-transnational-meeting\/","og_locale":"de_DE","og_type":"article","og_title":"4. Transnationales Treffen - Vocal in Need","og_description":"Gastgeber f\u00fcr das 4. und letzte Transnationale Treffen des Projekts Vocal in Need, das am 12. September 2019 in der Polizeidirektion Dresden (DE) stattfand, war die Hochschule der S\u00e4chsischen Polizei (FH). Dieses transnationale Treffen diente dazu, alle F\u00e4den zusammenlaufen zu lassen und verbliebene kleinere Probleme in allen intellectual outputs zu l\u00f6sen sowie die Ergebnisse der [&hellip;]","og_url":"https:\/\/vocal.erasmus.site\/news\/4th-transnational-meeting\/","og_site_name":"Vocal in Need","article_published_time":"2019-12-20T11:13:09+00:00","article_modified_time":"2020-01-20T11:40:36+00:00","og_image":[{"width":1024,"height":683,"url":"https:\/\/vocal.erasmus.site\/wp-content\/uploads\/2020\/01\/IMG_4983-1024x683.jpg","type":"image\/jpeg"}],"author":"admin","twitter_card":"summary_large_image","twitter_misc":{"Verfasst von":"admin","Gesch\u00e4tzte Lesezeit":"4\u00a0Minuten"},"schema":{"@context":"https:\/\/schema.org","@graph":[{"@type":"Article","@id":"https:\/\/vocal.erasmus.site\/news\/4th-transnational-meeting\/#article","isPartOf":{"@id":"https:\/\/vocal.erasmus.site\/news\/4th-transnational-meeting\/"},"author":{"name":"admin","@id":"https:\/\/vocal.erasmus.site\/#\/schema\/person\/85ffe4958a85203fdb9df909efde7c34"},"headline":"4. Transnationales Treffen","datePublished":"2019-12-20T11:13:09+00:00","dateModified":"2020-01-20T11:40:36+00:00","mainEntityOfPage":{"@id":"https:\/\/vocal.erasmus.site\/news\/4th-transnational-meeting\/"},"wordCount":865,"publisher":{"@id":"https:\/\/vocal.erasmus.site\/#organization"},"image":{"@id":"https:\/\/vocal.erasmus.site\/news\/4th-transnational-meeting\/#primaryimage"},"thumbnailUrl":"https:\/\/i0.wp.com\/vocal.erasmus.site\/wp-content\/uploads\/2020\/01\/IMG_4983.jpg?fit=6000%2C4000&ssl=1","articleSection":["news"],"inLanguage":"de"},{"@type":"WebPage","@id":"https:\/\/vocal.erasmus.site\/news\/4th-transnational-meeting\/","url":"https:\/\/vocal.erasmus.site\/news\/4th-transnational-meeting\/","name":"4. Transnationales Treffen - Vocal in Need","isPartOf":{"@id":"https:\/\/vocal.erasmus.site\/#website"},"primaryImageOfPage":{"@id":"https:\/\/vocal.erasmus.site\/news\/4th-transnational-meeting\/#primaryimage"},"image":{"@id":"https:\/\/vocal.erasmus.site\/news\/4th-transnational-meeting\/#primaryimage"},"thumbnailUrl":"https:\/\/i0.wp.com\/vocal.erasmus.site\/wp-content\/uploads\/2020\/01\/IMG_4983.jpg?fit=6000%2C4000&ssl=1","datePublished":"2019-12-20T11:13:09+00:00","dateModified":"2020-01-20T11:40:36+00:00","breadcrumb":{"@id":"https:\/\/vocal.erasmus.site\/news\/4th-transnational-meeting\/#breadcrumb"},"inLanguage":"de","potentialAction":[{"@type":"ReadAction","target":["https:\/\/vocal.erasmus.site\/news\/4th-transnational-meeting\/"]}]},{"@type":"ImageObject","inLanguage":"de","@id":"https:\/\/vocal.erasmus.site\/news\/4th-transnational-meeting\/#primaryimage","url":"https:\/\/i0.wp.com\/vocal.erasmus.site\/wp-content\/uploads\/2020\/01\/IMG_4983.jpg?fit=6000%2C4000&ssl=1","contentUrl":"https:\/\/i0.wp.com\/vocal.erasmus.site\/wp-content\/uploads\/2020\/01\/IMG_4983.jpg?fit=6000%2C4000&ssl=1","width":6000,"height":4000},{"@type":"BreadcrumbList","@id":"https:\/\/vocal.erasmus.site\/news\/4th-transnational-meeting\/#breadcrumb","itemListElement":[{"@type":"ListItem","position":1,"name":"Home","item":"https:\/\/vocal.erasmus.site\/"},{"@type":"ListItem","position":2,"name":"4th transnational meeting"}]},{"@type":"WebSite","@id":"https:\/\/vocal.erasmus.site\/#website","url":"https:\/\/vocal.erasmus.site\/","name":"Vocal in Need","description":"","publisher":{"@id":"https:\/\/vocal.erasmus.site\/#organization"},"potentialAction":[{"@type":"SearchAction","target":{"@type":"EntryPoint","urlTemplate":"https:\/\/vocal.erasmus.site\/?s={search_term_string}"},"query-input":{"@type":"PropertyValueSpecification","valueRequired":true,"valueName":"search_term_string"}}],"inLanguage":"de"},{"@type":"Organization","@id":"https:\/\/vocal.erasmus.site\/#organization","name":"Vocal in Need","url":"https:\/\/vocal.erasmus.site\/","logo":{"@type":"ImageObject","inLanguage":"de","@id":"https:\/\/vocal.erasmus.site\/#\/schema\/logo\/image\/","url":"https:\/\/i0.wp.com\/vocal.erasmus.site\/wp-content\/uploads\/2018\/03\/LOGO_FINAL-300x75.png?fit=300%2C75&ssl=1","contentUrl":"https:\/\/i0.wp.com\/vocal.erasmus.site\/wp-content\/uploads\/2018\/03\/LOGO_FINAL-300x75.png?fit=300%2C75&ssl=1","width":300,"height":75,"caption":"Vocal in Need"},"image":{"@id":"https:\/\/vocal.erasmus.site\/#\/schema\/logo\/image\/"}},{"@type":"Person","@id":"https:\/\/vocal.erasmus.site\/#\/schema\/person\/85ffe4958a85203fdb9df909efde7c34","name":"admin","image":{"@type":"ImageObject","inLanguage":"de","@id":"https:\/\/secure.gravatar.com\/avatar\/c24bfdd45307cf22a3472c1da6949f775fd809231767deebce537dda381c81f0?s=96&d=mm&r=g","url":"https:\/\/secure.gravatar.com\/avatar\/c24bfdd45307cf22a3472c1da6949f775fd809231767deebce537dda381c81f0?s=96&d=mm&r=g","contentUrl":"https:\/\/secure.gravatar.com\/avatar\/c24bfdd45307cf22a3472c1da6949f775fd809231767deebce537dda381c81f0?s=96&d=mm&r=g","caption":"admin"},"url":"https:\/\/vocal.erasmus.site\/de\/author\/admin\/"}]}},"jetpack_publicize_connections":[],"jetpack_featured_media_url":"https:\/\/i0.wp.com\/vocal.erasmus.site\/wp-content\/uploads\/2020\/01\/IMG_4983.jpg?fit=6000%2C4000&ssl=1","jetpack_sharing_enabled":true,"jetpack_shortlink":"https:\/\/wp.me\/p9PcbK-kC","jetpack-related-posts":[],"_links":{"self":[{"href":"https:\/\/vocal.erasmus.site\/de\/wp-json\/wp\/v2\/posts\/1278","targetHints":{"allow":["GET"]}}],"collection":[{"href":"https:\/\/vocal.erasmus.site\/de\/wp-json\/wp\/v2\/posts"}],"about":[{"href":"https:\/\/vocal.erasmus.site\/de\/wp-json\/wp\/v2\/types\/post"}],"author":[{"embeddable":true,"href":"https:\/\/vocal.erasmus.site\/de\/wp-json\/wp\/v2\/users\/2"}],"replies":[{"embeddable":true,"href":"https:\/\/vocal.erasmus.site\/de\/wp-json\/wp\/v2\/comments?post=1278"}],"version-history":[{"count":2,"href":"https:\/\/vocal.erasmus.site\/de\/wp-json\/wp\/v2\/posts\/1278\/revisions"}],"predecessor-version":[{"id":1280,"href":"https:\/\/vocal.erasmus.site\/de\/wp-json\/wp\/v2\/posts\/1278\/revisions\/1280"}],"wp:featuredmedia":[{"embeddable":true,"href":"https:\/\/vocal.erasmus.site\/de\/wp-json\/wp\/v2\/media\/1281"}],"wp:attachment":[{"href":"https:\/\/vocal.erasmus.site\/de\/wp-json\/wp\/v2\/media?parent=1278"}],"wp:term":[{"taxonomy":"category","embeddable":true,"href":"https:\/\/vocal.erasmus.site\/de\/wp-json\/wp\/v2\/categories?post=1278"},{"taxonomy":"post_tag","embeddable":true,"href":"https:\/\/vocal.erasmus.site\/de\/wp-json\/wp\/v2\/tags?post=1278"}],"curies":[{"name":"wp","href":"https:\/\/api.w.org\/{rel}","templated":true}]}}