{"id":862,"date":"2019-05-15T17:32:45","date_gmt":"2019-05-15T17:32:45","guid":{"rendered":"https:\/\/vocal.erasmus.site\/?p=862"},"modified":"2020-01-02T12:42:20","modified_gmt":"2020-01-02T12:42:20","slug":"3-1-the-bicycle","status":"publish","type":"post","link":"https:\/\/vocal.erasmus.site\/it\/modules\/module-5\/3-1-the-bicycle\/","title":{"rendered":"3.1. La Bicicletta"},"content":{"rendered":"<p>Un giovane dell&#8217;Afghanistan sta andando in bicicletta. Sta andando alla moschea per le preghiere del venerd\u00ec. Sta percorrendo una pista ciclabile in senso contrario al flusso del traffico, lungo una strada principale a tre corsie. In lontananza una macchina della polizia si sta lentamente avvicinando. Il giovane accelera, ma non ha la possibilit\u00e0 di evitare di imbattersi nella polizia. La macchina della polizia si ferma e lo richiama.<\/p>\n<p>Due agenti di polizia escono dalla macchina, un uomo e una donna. La donna \u00e8 l&#8217;ufficiale in carica. Lei chiede al giovane se non si fosse accorto che stava guidando dalla parte sbagliata. Le macchine stanno andando verso di lui, quindi dovrebbe usare il lato opposto. Il giovane le d\u00e0 una rapida occhiata e si dirige verso la sua bicicletta, borbotta qualcosa, e si prepara a guidare. La poliziotta gli intima di fermarsi e ripete la sua osservazione che lui stava guidando dalla parte sbagliata. Questa volta il giovane uomo si gira verso il collega di lei e gli dice che stava guidando su una pista ciclabile, non capisce quale sia il problema. Deve andare, altrimenti far\u00e0 troppo tardi per le preghiere del venerd\u00ec. L&#8217;ufficiale di polizia uomo fa un passo avanti ma non dice nulla. L&#8217;agente di polizia donna dice che guidare contro il flusso del traffico non \u00e8 permesso perch\u00e9 pu\u00f2 essere pericoloso. Comporta una multa di 30 euro. Inoltre gli chiede i documenti. Il giovane si rivolge di nuovo al collega uomo e con riluttanza consegna i suoi documenti a lui. La poliziotta chiede al giovane se vuole pagare la multa sul posto o se lui preferisce aspettare la fattura inviata per posta. Il giovane, guardando in lontananza, decide di pagare direttamente. L&#8217;agente di polizia donna, cercando di non mostrare la sua frustrazione, scrive la multa e la consegna al giovane, che la prende e la paga senza dare un&#8217;occhiata all&#8217;ufficiale in carica nemmeno una volta.<\/p>\n<p>&nbsp;<\/p>\n<p><strong>Perch\u00e9 pensi che il giovane abbia reagito nel modo descritto? Si prega di leggere le possibili risposte e di scegliere la pi\u00f9 plausibile. Possono essere date pi\u00f9 di una risposta.<\/strong><br \/>\n<\/p>","protected":false},"excerpt":{"rendered":"<p>Un giovane dell&#8217;Afghanistan sta andando in bicicletta. Sta andando alla moschea per le preghiere del venerd\u00ec. Sta percorrendo una pista ciclabile in senso contrario al flusso del traffico, lungo una strada principale a tre corsie. In lontananza una macchina della polizia si sta lentamente avvicinando. Il giovane accelera, ma non ha la possibilit\u00e0 di evitare [&hellip;]<\/p>\n","protected":false},"author":2,"featured_media":0,"comment_status":"closed","ping_status":"open","sticky":false,"template":"","format":"standard","meta":{"jetpack_post_was_ever_published":false,"_jetpack_newsletter_access":"","_jetpack_dont_email_post_to_subs":false,"_jetpack_newsletter_tier_id":0,"_jetpack_memberships_contains_paywalled_content":false,"_jetpack_memberships_contains_paid_content":false,"footnotes":"","jetpack_publicize_message":"","jetpack_publicize_feature_enabled":true,"jetpack_social_post_already_shared":false,"jetpack_social_options":{"image_generator_settings":{"template":"highway","default_image_id":0,"font":"","enabled":false},"version":2}},"categories":[11],"tags":[20],"class_list":["post-862","post","type-post","status-publish","format-standard","hentry","category-module-5","tag-content"],"yoast_head":"<!-- This site is optimized with the Yoast SEO plugin v27.4 - https:\/\/yoast.com\/product\/yoast-seo-wordpress\/ -->\n<title>3.1. La Bicicletta - Vocal in Need<\/title>\n<meta name=\"robots\" content=\"index, follow, max-snippet:-1, max-image-preview:large, max-video-preview:-1\" \/>\n<link rel=\"canonical\" href=\"https:\/\/vocal.erasmus.site\/tr\/modules\/module-5\/3-1-the-bicycle\/\" \/>\n<meta property=\"og:locale\" content=\"it_IT\" \/>\n<meta property=\"og:type\" content=\"article\" \/>\n<meta property=\"og:title\" content=\"3.1. La Bicicletta - Vocal in Need\" \/>\n<meta property=\"og:description\" content=\"Un giovane dell&#8217;Afghanistan sta andando in bicicletta. Sta andando alla moschea per le preghiere del venerd\u00ec. Sta percorrendo una pista ciclabile in senso contrario al flusso del traffico, lungo una strada principale a tre corsie. In lontananza una macchina della polizia si sta lentamente avvicinando. Il giovane accelera, ma non ha la possibilit\u00e0 di evitare [&hellip;]\" \/>\n<meta property=\"og:url\" content=\"https:\/\/vocal.erasmus.site\/tr\/modules\/module-5\/3-1-the-bicycle\/\" \/>\n<meta property=\"og:site_name\" content=\"Vocal in Need\" \/>\n<meta property=\"article:published_time\" content=\"2019-05-15T17:32:45+00:00\" \/>\n<meta property=\"article:modified_time\" content=\"2020-01-02T12:42:20+00:00\" \/>\n<meta name=\"author\" content=\"admin\" \/>\n<meta name=\"twitter:card\" content=\"summary_large_image\" \/>\n<meta name=\"twitter:label1\" content=\"Scritto da\" \/>\n\t<meta name=\"twitter:data1\" content=\"admin\" \/>\n\t<meta name=\"twitter:label2\" content=\"Tempo di lettura stimato\" \/>\n\t<meta name=\"twitter:data2\" content=\"10 minuti\" \/>\n<script type=\"application\/ld+json\" class=\"yoast-schema-graph\">{\"@context\":\"https:\\\/\\\/schema.org\",\"@graph\":[{\"@type\":\"Article\",\"@id\":\"https:\\\/\\\/vocal.erasmus.site\\\/tr\\\/modules\\\/module-5\\\/3-1-the-bicycle\\\/#article\",\"isPartOf\":{\"@id\":\"https:\\\/\\\/vocal.erasmus.site\\\/tr\\\/modules\\\/module-5\\\/3-1-the-bicycle\\\/\"},\"author\":{\"name\":\"admin\",\"@id\":\"https:\\\/\\\/vocal.erasmus.site\\\/#\\\/schema\\\/person\\\/85ffe4958a85203fdb9df909efde7c34\"},\"headline\":\"3.1. La Bicicletta\",\"datePublished\":\"2019-05-15T17:32:45+00:00\",\"dateModified\":\"2020-01-02T12:42:20+00:00\",\"mainEntityOfPage\":{\"@id\":\"https:\\\/\\\/vocal.erasmus.site\\\/tr\\\/modules\\\/module-5\\\/3-1-the-bicycle\\\/\"},\"wordCount\":3889,\"publisher\":{\"@id\":\"https:\\\/\\\/vocal.erasmus.site\\\/#organization\"},\"keywords\":[\"content\"],\"articleSection\":[\"Modulo 5 \\\"Conoscenza interculturale\\\"\"],\"inLanguage\":\"it-IT\"},{\"@type\":\"WebPage\",\"@id\":\"https:\\\/\\\/vocal.erasmus.site\\\/tr\\\/modules\\\/module-5\\\/3-1-the-bicycle\\\/\",\"url\":\"https:\\\/\\\/vocal.erasmus.site\\\/tr\\\/modules\\\/module-5\\\/3-1-the-bicycle\\\/\",\"name\":\"3.1. La Bicicletta - Vocal in Need\",\"isPartOf\":{\"@id\":\"https:\\\/\\\/vocal.erasmus.site\\\/#website\"},\"datePublished\":\"2019-05-15T17:32:45+00:00\",\"dateModified\":\"2020-01-02T12:42:20+00:00\",\"breadcrumb\":{\"@id\":\"https:\\\/\\\/vocal.erasmus.site\\\/tr\\\/modules\\\/module-5\\\/3-1-the-bicycle\\\/#breadcrumb\"},\"inLanguage\":\"it-IT\",\"potentialAction\":[{\"@type\":\"ReadAction\",\"target\":[\"https:\\\/\\\/vocal.erasmus.site\\\/tr\\\/modules\\\/module-5\\\/3-1-the-bicycle\\\/\"]}]},{\"@type\":\"BreadcrumbList\",\"@id\":\"https:\\\/\\\/vocal.erasmus.site\\\/tr\\\/modules\\\/module-5\\\/3-1-the-bicycle\\\/#breadcrumb\",\"itemListElement\":[{\"@type\":\"ListItem\",\"position\":1,\"name\":\"Home\",\"item\":\"https:\\\/\\\/vocal.erasmus.site\\\/\"},{\"@type\":\"ListItem\",\"position\":2,\"name\":\"3.1. Bisiklet\"}]},{\"@type\":\"WebSite\",\"@id\":\"https:\\\/\\\/vocal.erasmus.site\\\/#website\",\"url\":\"https:\\\/\\\/vocal.erasmus.site\\\/\",\"name\":\"Vocal in Need\",\"description\":\"\",\"publisher\":{\"@id\":\"https:\\\/\\\/vocal.erasmus.site\\\/#organization\"},\"potentialAction\":[{\"@type\":\"SearchAction\",\"target\":{\"@type\":\"EntryPoint\",\"urlTemplate\":\"https:\\\/\\\/vocal.erasmus.site\\\/?s={search_term_string}\"},\"query-input\":{\"@type\":\"PropertyValueSpecification\",\"valueRequired\":true,\"valueName\":\"search_term_string\"}}],\"inLanguage\":\"it-IT\"},{\"@type\":\"Organization\",\"@id\":\"https:\\\/\\\/vocal.erasmus.site\\\/#organization\",\"name\":\"Vocal in Need\",\"url\":\"https:\\\/\\\/vocal.erasmus.site\\\/\",\"logo\":{\"@type\":\"ImageObject\",\"inLanguage\":\"it-IT\",\"@id\":\"https:\\\/\\\/vocal.erasmus.site\\\/#\\\/schema\\\/logo\\\/image\\\/\",\"url\":\"https:\\\/\\\/i0.wp.com\\\/vocal.erasmus.site\\\/wp-content\\\/uploads\\\/2018\\\/03\\\/LOGO_FINAL-300x75.png?fit=300%2C75&ssl=1\",\"contentUrl\":\"https:\\\/\\\/i0.wp.com\\\/vocal.erasmus.site\\\/wp-content\\\/uploads\\\/2018\\\/03\\\/LOGO_FINAL-300x75.png?fit=300%2C75&ssl=1\",\"width\":300,\"height\":75,\"caption\":\"Vocal in Need\"},\"image\":{\"@id\":\"https:\\\/\\\/vocal.erasmus.site\\\/#\\\/schema\\\/logo\\\/image\\\/\"}},{\"@type\":\"Person\",\"@id\":\"https:\\\/\\\/vocal.erasmus.site\\\/#\\\/schema\\\/person\\\/85ffe4958a85203fdb9df909efde7c34\",\"name\":\"admin\",\"image\":{\"@type\":\"ImageObject\",\"inLanguage\":\"it-IT\",\"@id\":\"https:\\\/\\\/secure.gravatar.com\\\/avatar\\\/c24bfdd45307cf22a3472c1da6949f775fd809231767deebce537dda381c81f0?s=96&d=mm&r=g\",\"url\":\"https:\\\/\\\/secure.gravatar.com\\\/avatar\\\/c24bfdd45307cf22a3472c1da6949f775fd809231767deebce537dda381c81f0?s=96&d=mm&r=g\",\"contentUrl\":\"https:\\\/\\\/secure.gravatar.com\\\/avatar\\\/c24bfdd45307cf22a3472c1da6949f775fd809231767deebce537dda381c81f0?s=96&d=mm&r=g\",\"caption\":\"admin\"},\"url\":\"https:\\\/\\\/vocal.erasmus.site\\\/it\\\/author\\\/admin\\\/\"}]}<\/script>\n<!-- \/ Yoast SEO plugin. -->","yoast_head_json":{"title":"3.1. La Bicicletta - Vocal in Need","robots":{"index":"index","follow":"follow","max-snippet":"max-snippet:-1","max-image-preview":"max-image-preview:large","max-video-preview":"max-video-preview:-1"},"canonical":"https:\/\/vocal.erasmus.site\/tr\/modules\/module-5\/3-1-the-bicycle\/","og_locale":"it_IT","og_type":"article","og_title":"3.1. La Bicicletta - Vocal in Need","og_description":"Un giovane dell&#8217;Afghanistan sta andando in bicicletta. Sta andando alla moschea per le preghiere del venerd\u00ec. Sta percorrendo una pista ciclabile in senso contrario al flusso del traffico, lungo una strada principale a tre corsie. In lontananza una macchina della polizia si sta lentamente avvicinando. Il giovane accelera, ma non ha la possibilit\u00e0 di evitare [&hellip;]","og_url":"https:\/\/vocal.erasmus.site\/tr\/modules\/module-5\/3-1-the-bicycle\/","og_site_name":"Vocal in Need","article_published_time":"2019-05-15T17:32:45+00:00","article_modified_time":"2020-01-02T12:42:20+00:00","author":"admin","twitter_card":"summary_large_image","twitter_misc":{"Scritto da":"admin","Tempo di lettura stimato":"10 minuti"},"schema":{"@context":"https:\/\/schema.org","@graph":[{"@type":"Article","@id":"https:\/\/vocal.erasmus.site\/tr\/modules\/module-5\/3-1-the-bicycle\/#article","isPartOf":{"@id":"https:\/\/vocal.erasmus.site\/tr\/modules\/module-5\/3-1-the-bicycle\/"},"author":{"name":"admin","@id":"https:\/\/vocal.erasmus.site\/#\/schema\/person\/85ffe4958a85203fdb9df909efde7c34"},"headline":"3.1. La Bicicletta","datePublished":"2019-05-15T17:32:45+00:00","dateModified":"2020-01-02T12:42:20+00:00","mainEntityOfPage":{"@id":"https:\/\/vocal.erasmus.site\/tr\/modules\/module-5\/3-1-the-bicycle\/"},"wordCount":3889,"publisher":{"@id":"https:\/\/vocal.erasmus.site\/#organization"},"keywords":["content"],"articleSection":["Modulo 5 \"Conoscenza interculturale\""],"inLanguage":"it-IT"},{"@type":"WebPage","@id":"https:\/\/vocal.erasmus.site\/tr\/modules\/module-5\/3-1-the-bicycle\/","url":"https:\/\/vocal.erasmus.site\/tr\/modules\/module-5\/3-1-the-bicycle\/","name":"3.1. La Bicicletta - Vocal in Need","isPartOf":{"@id":"https:\/\/vocal.erasmus.site\/#website"},"datePublished":"2019-05-15T17:32:45+00:00","dateModified":"2020-01-02T12:42:20+00:00","breadcrumb":{"@id":"https:\/\/vocal.erasmus.site\/tr\/modules\/module-5\/3-1-the-bicycle\/#breadcrumb"},"inLanguage":"it-IT","potentialAction":[{"@type":"ReadAction","target":["https:\/\/vocal.erasmus.site\/tr\/modules\/module-5\/3-1-the-bicycle\/"]}]},{"@type":"BreadcrumbList","@id":"https:\/\/vocal.erasmus.site\/tr\/modules\/module-5\/3-1-the-bicycle\/#breadcrumb","itemListElement":[{"@type":"ListItem","position":1,"name":"Home","item":"https:\/\/vocal.erasmus.site\/"},{"@type":"ListItem","position":2,"name":"3.1. Bisiklet"}]},{"@type":"WebSite","@id":"https:\/\/vocal.erasmus.site\/#website","url":"https:\/\/vocal.erasmus.site\/","name":"Vocal in Need","description":"","publisher":{"@id":"https:\/\/vocal.erasmus.site\/#organization"},"potentialAction":[{"@type":"SearchAction","target":{"@type":"EntryPoint","urlTemplate":"https:\/\/vocal.erasmus.site\/?s={search_term_string}"},"query-input":{"@type":"PropertyValueSpecification","valueRequired":true,"valueName":"search_term_string"}}],"inLanguage":"it-IT"},{"@type":"Organization","@id":"https:\/\/vocal.erasmus.site\/#organization","name":"Vocal in Need","url":"https:\/\/vocal.erasmus.site\/","logo":{"@type":"ImageObject","inLanguage":"it-IT","@id":"https:\/\/vocal.erasmus.site\/#\/schema\/logo\/image\/","url":"https:\/\/i0.wp.com\/vocal.erasmus.site\/wp-content\/uploads\/2018\/03\/LOGO_FINAL-300x75.png?fit=300%2C75&ssl=1","contentUrl":"https:\/\/i0.wp.com\/vocal.erasmus.site\/wp-content\/uploads\/2018\/03\/LOGO_FINAL-300x75.png?fit=300%2C75&ssl=1","width":300,"height":75,"caption":"Vocal in Need"},"image":{"@id":"https:\/\/vocal.erasmus.site\/#\/schema\/logo\/image\/"}},{"@type":"Person","@id":"https:\/\/vocal.erasmus.site\/#\/schema\/person\/85ffe4958a85203fdb9df909efde7c34","name":"admin","image":{"@type":"ImageObject","inLanguage":"it-IT","@id":"https:\/\/secure.gravatar.com\/avatar\/c24bfdd45307cf22a3472c1da6949f775fd809231767deebce537dda381c81f0?s=96&d=mm&r=g","url":"https:\/\/secure.gravatar.com\/avatar\/c24bfdd45307cf22a3472c1da6949f775fd809231767deebce537dda381c81f0?s=96&d=mm&r=g","contentUrl":"https:\/\/secure.gravatar.com\/avatar\/c24bfdd45307cf22a3472c1da6949f775fd809231767deebce537dda381c81f0?s=96&d=mm&r=g","caption":"admin"},"url":"https:\/\/vocal.erasmus.site\/it\/author\/admin\/"}]}},"jetpack_publicize_connections":[],"jetpack_featured_media_url":"","jetpack_sharing_enabled":true,"jetpack_shortlink":"https:\/\/wp.me\/p9PcbK-dU","jetpack-related-posts":[],"_links":{"self":[{"href":"https:\/\/vocal.erasmus.site\/it\/wp-json\/wp\/v2\/posts\/862","targetHints":{"allow":["GET"]}}],"collection":[{"href":"https:\/\/vocal.erasmus.site\/it\/wp-json\/wp\/v2\/posts"}],"about":[{"href":"https:\/\/vocal.erasmus.site\/it\/wp-json\/wp\/v2\/types\/post"}],"author":[{"embeddable":true,"href":"https:\/\/vocal.erasmus.site\/it\/wp-json\/wp\/v2\/users\/2"}],"replies":[{"embeddable":true,"href":"https:\/\/vocal.erasmus.site\/it\/wp-json\/wp\/v2\/comments?post=862"}],"version-history":[{"count":5,"href":"https:\/\/vocal.erasmus.site\/it\/wp-json\/wp\/v2\/posts\/862\/revisions"}],"predecessor-version":[{"id":1126,"href":"https:\/\/vocal.erasmus.site\/it\/wp-json\/wp\/v2\/posts\/862\/revisions\/1126"}],"wp:attachment":[{"href":"https:\/\/vocal.erasmus.site\/it\/wp-json\/wp\/v2\/media?parent=862"}],"wp:term":[{"taxonomy":"category","embeddable":true,"href":"https:\/\/vocal.erasmus.site\/it\/wp-json\/wp\/v2\/categories?post=862"},{"taxonomy":"post_tag","embeddable":true,"href":"https:\/\/vocal.erasmus.site\/it\/wp-json\/wp\/v2\/tags?post=862"}],"curies":[{"name":"wp","href":"https:\/\/api.w.org\/{rel}","templated":true}]}}