{"id":1035,"date":"2019-06-05T14:34:58","date_gmt":"2019-06-05T14:34:58","guid":{"rendered":"https:\/\/vocal.erasmus.site\/?p=1035"},"modified":"2019-06-05T14:52:58","modified_gmt":"2019-06-05T14:52:58","slug":"3rd-project-meeting-3-4-december-2018-italy","status":"publish","type":"post","link":"https:\/\/vocal.erasmus.site\/lt\/news\/3rd-project-meeting-3-4-december-2018-italy\/","title":{"rendered":"Tre\u010dias partneri\u0173 susitikimas (2018 m. gruod\u017eio 3-4 d., Italija)"},"content":{"rendered":"<p>\u0160io susitikimo metu partneriai susitar\u0117 d\u0117l galutinio mokymo modulio prototip\u0173 formato ir d\u0117l paskutini\u0173 \u017eingsni\u0173, kaip u\u017ebaigti j\u0173 vertim\u0105 ir lokalizavim\u0105 pagal konkre\u010di\u0173 \u0161ali\u0173 kontekstus. Be to, buvo aptartas internetini\u0173 mokymo moduli\u0173 ir \u201eMobile Assistant\u201c programos strukt\u016bra ir i\u0161d\u0117stymas, taip pat buvo parengtas tvarkara\u0161tis, kada bus i\u0161bandoma parengta med\u017eiaga.<\/p>","protected":false},"excerpt":{"rendered":"<p>\u0160io susitikimo metu partneriai susitar\u0117 d\u0117l galutinio mokymo modulio prototip\u0173 formato ir d\u0117l paskutini\u0173 \u017eingsni\u0173, kaip u\u017ebaigti j\u0173 vertim\u0105 ir lokalizavim\u0105 pagal konkre\u010di\u0173 \u0161ali\u0173 kontekstus. Be to, buvo aptartas internetini\u0173 mokymo moduli\u0173 ir \u201eMobile Assistant\u201c programos strukt\u016bra ir i\u0161d\u0117stymas, taip pat buvo parengtas tvarkara\u0161tis, kada bus i\u0161bandoma parengta med\u017eiaga.<\/p>\n","protected":false},"author":2,"featured_media":1036,"comment_status":"closed","ping_status":"open","sticky":false,"template":"","format":"standard","meta":{"jetpack_post_was_ever_published":false,"_jetpack_newsletter_access":"","_jetpack_dont_email_post_to_subs":false,"_jetpack_newsletter_tier_id":0,"_jetpack_memberships_contains_paywalled_content":false,"_jetpack_memberships_contains_paid_content":false,"footnotes":"","jetpack_publicize_message":"","jetpack_publicize_feature_enabled":true,"jetpack_social_post_already_shared":false,"jetpack_social_options":{"image_generator_settings":{"template":"highway","default_image_id":0,"font":"","enabled":false},"version":2}},"categories":[2],"tags":[],"class_list":["post-1035","post","type-post","status-publish","format-standard","has-post-thumbnail","hentry","category-news"],"yoast_head":"<!-- This site is optimized with the Yoast SEO plugin v27.4 - https:\/\/yoast.com\/product\/yoast-seo-wordpress\/ -->\n<title>Tre\u010dias partneri\u0173 susitikimas (2018 m. gruod\u017eio 3-4 d., Italija) - Vocal in Need<\/title>\n<meta name=\"robots\" content=\"index, follow, max-snippet:-1, max-image-preview:large, max-video-preview:-1\" \/>\n<link rel=\"canonical\" href=\"https:\/\/vocal.erasmus.site\/news\/3rd-project-meeting-3-4-december-2018-italy\/\" \/>\n<meta property=\"og:locale\" content=\"lt_LT\" \/>\n<meta property=\"og:type\" content=\"article\" \/>\n<meta property=\"og:title\" content=\"Tre\u010dias partneri\u0173 susitikimas (2018 m. gruod\u017eio 3-4 d., Italija) - Vocal in Need\" \/>\n<meta property=\"og:description\" content=\"\u0160io susitikimo metu partneriai susitar\u0117 d\u0117l galutinio mokymo modulio prototip\u0173 formato ir d\u0117l paskutini\u0173 \u017eingsni\u0173, kaip u\u017ebaigti j\u0173 vertim\u0105 ir lokalizavim\u0105 pagal konkre\u010di\u0173 \u0161ali\u0173 kontekstus. Be to, buvo aptartas internetini\u0173 mokymo moduli\u0173 ir \u201eMobile Assistant\u201c programos strukt\u016bra ir i\u0161d\u0117stymas, taip pat buvo parengtas tvarkara\u0161tis, kada bus i\u0161bandoma parengta med\u017eiaga.\" \/>\n<meta property=\"og:url\" content=\"https:\/\/vocal.erasmus.site\/news\/3rd-project-meeting-3-4-december-2018-italy\/\" \/>\n<meta property=\"og:site_name\" content=\"Vocal in Need\" \/>\n<meta property=\"article:published_time\" content=\"2019-06-05T14:34:58+00:00\" \/>\n<meta property=\"article:modified_time\" content=\"2019-06-05T14:52:58+00:00\" \/>\n<meta property=\"og:image\" content=\"https:\/\/vocal.erasmus.site\/wp-content\/uploads\/2019\/06\/vin-firenze.jpg\" \/>\n\t<meta property=\"og:image:width\" content=\"1200\" \/>\n\t<meta property=\"og:image:height\" content=\"901\" \/>\n\t<meta property=\"og:image:type\" content=\"image\/jpeg\" \/>\n<meta name=\"author\" content=\"admin\" \/>\n<meta name=\"twitter:card\" content=\"summary_large_image\" \/>\n<meta name=\"twitter:label1\" content=\"Written by\" \/>\n\t<meta name=\"twitter:data1\" content=\"admin\" \/>\n\t<meta name=\"twitter:label2\" content=\"Est. reading time\" \/>\n\t<meta name=\"twitter:data2\" content=\"2 minut\u0117s\" \/>\n<script type=\"application\/ld+json\" class=\"yoast-schema-graph\">{\"@context\":\"https:\\\/\\\/schema.org\",\"@graph\":[{\"@type\":\"Article\",\"@id\":\"https:\\\/\\\/vocal.erasmus.site\\\/news\\\/3rd-project-meeting-3-4-december-2018-italy\\\/#article\",\"isPartOf\":{\"@id\":\"https:\\\/\\\/vocal.erasmus.site\\\/news\\\/3rd-project-meeting-3-4-december-2018-italy\\\/\"},\"author\":{\"name\":\"admin\",\"@id\":\"https:\\\/\\\/vocal.erasmus.site\\\/#\\\/schema\\\/person\\\/85ffe4958a85203fdb9df909efde7c34\"},\"headline\":\"Tre\u010dias partneri\u0173 susitikimas (2018 m. gruod\u017eio 3-4 d., Italija)\",\"datePublished\":\"2019-06-05T14:34:58+00:00\",\"dateModified\":\"2019-06-05T14:52:58+00:00\",\"mainEntityOfPage\":{\"@id\":\"https:\\\/\\\/vocal.erasmus.site\\\/news\\\/3rd-project-meeting-3-4-december-2018-italy\\\/\"},\"wordCount\":490,\"publisher\":{\"@id\":\"https:\\\/\\\/vocal.erasmus.site\\\/#organization\"},\"image\":{\"@id\":\"https:\\\/\\\/vocal.erasmus.site\\\/news\\\/3rd-project-meeting-3-4-december-2018-italy\\\/#primaryimage\"},\"thumbnailUrl\":\"https:\\\/\\\/i0.wp.com\\\/vocal.erasmus.site\\\/wp-content\\\/uploads\\\/2019\\\/06\\\/vin-firenze.jpg?fit=1200%2C901&ssl=1\",\"articleSection\":[\"news\"],\"inLanguage\":\"lt-LT\"},{\"@type\":\"WebPage\",\"@id\":\"https:\\\/\\\/vocal.erasmus.site\\\/news\\\/3rd-project-meeting-3-4-december-2018-italy\\\/\",\"url\":\"https:\\\/\\\/vocal.erasmus.site\\\/news\\\/3rd-project-meeting-3-4-december-2018-italy\\\/\",\"name\":\"Tre\u010dias partneri\u0173 susitikimas (2018 m. gruod\u017eio 3-4 d., Italija) - Vocal in Need\",\"isPartOf\":{\"@id\":\"https:\\\/\\\/vocal.erasmus.site\\\/#website\"},\"primaryImageOfPage\":{\"@id\":\"https:\\\/\\\/vocal.erasmus.site\\\/news\\\/3rd-project-meeting-3-4-december-2018-italy\\\/#primaryimage\"},\"image\":{\"@id\":\"https:\\\/\\\/vocal.erasmus.site\\\/news\\\/3rd-project-meeting-3-4-december-2018-italy\\\/#primaryimage\"},\"thumbnailUrl\":\"https:\\\/\\\/i0.wp.com\\\/vocal.erasmus.site\\\/wp-content\\\/uploads\\\/2019\\\/06\\\/vin-firenze.jpg?fit=1200%2C901&ssl=1\",\"datePublished\":\"2019-06-05T14:34:58+00:00\",\"dateModified\":\"2019-06-05T14:52:58+00:00\",\"breadcrumb\":{\"@id\":\"https:\\\/\\\/vocal.erasmus.site\\\/news\\\/3rd-project-meeting-3-4-december-2018-italy\\\/#breadcrumb\"},\"inLanguage\":\"lt-LT\",\"potentialAction\":[{\"@type\":\"ReadAction\",\"target\":[\"https:\\\/\\\/vocal.erasmus.site\\\/news\\\/3rd-project-meeting-3-4-december-2018-italy\\\/\"]}]},{\"@type\":\"ImageObject\",\"inLanguage\":\"lt-LT\",\"@id\":\"https:\\\/\\\/vocal.erasmus.site\\\/news\\\/3rd-project-meeting-3-4-december-2018-italy\\\/#primaryimage\",\"url\":\"https:\\\/\\\/i0.wp.com\\\/vocal.erasmus.site\\\/wp-content\\\/uploads\\\/2019\\\/06\\\/vin-firenze.jpg?fit=1200%2C901&ssl=1\",\"contentUrl\":\"https:\\\/\\\/i0.wp.com\\\/vocal.erasmus.site\\\/wp-content\\\/uploads\\\/2019\\\/06\\\/vin-firenze.jpg?fit=1200%2C901&ssl=1\",\"width\":1200,\"height\":901},{\"@type\":\"BreadcrumbList\",\"@id\":\"https:\\\/\\\/vocal.erasmus.site\\\/news\\\/3rd-project-meeting-3-4-december-2018-italy\\\/#breadcrumb\",\"itemListElement\":[{\"@type\":\"ListItem\",\"position\":1,\"name\":\"Home\",\"item\":\"https:\\\/\\\/vocal.erasmus.site\\\/\"},{\"@type\":\"ListItem\",\"position\":2,\"name\":\"3rd Project Meeting (3-4 December 2018, Italy)\"}]},{\"@type\":\"WebSite\",\"@id\":\"https:\\\/\\\/vocal.erasmus.site\\\/#website\",\"url\":\"https:\\\/\\\/vocal.erasmus.site\\\/\",\"name\":\"Vocal in Need\",\"description\":\"\",\"publisher\":{\"@id\":\"https:\\\/\\\/vocal.erasmus.site\\\/#organization\"},\"potentialAction\":[{\"@type\":\"SearchAction\",\"target\":{\"@type\":\"EntryPoint\",\"urlTemplate\":\"https:\\\/\\\/vocal.erasmus.site\\\/?s={search_term_string}\"},\"query-input\":{\"@type\":\"PropertyValueSpecification\",\"valueRequired\":true,\"valueName\":\"search_term_string\"}}],\"inLanguage\":\"lt-LT\"},{\"@type\":\"Organization\",\"@id\":\"https:\\\/\\\/vocal.erasmus.site\\\/#organization\",\"name\":\"Vocal in Need\",\"url\":\"https:\\\/\\\/vocal.erasmus.site\\\/\",\"logo\":{\"@type\":\"ImageObject\",\"inLanguage\":\"lt-LT\",\"@id\":\"https:\\\/\\\/vocal.erasmus.site\\\/#\\\/schema\\\/logo\\\/image\\\/\",\"url\":\"https:\\\/\\\/i0.wp.com\\\/vocal.erasmus.site\\\/wp-content\\\/uploads\\\/2018\\\/03\\\/LOGO_FINAL-300x75.png?fit=300%2C75&ssl=1\",\"contentUrl\":\"https:\\\/\\\/i0.wp.com\\\/vocal.erasmus.site\\\/wp-content\\\/uploads\\\/2018\\\/03\\\/LOGO_FINAL-300x75.png?fit=300%2C75&ssl=1\",\"width\":300,\"height\":75,\"caption\":\"Vocal in Need\"},\"image\":{\"@id\":\"https:\\\/\\\/vocal.erasmus.site\\\/#\\\/schema\\\/logo\\\/image\\\/\"}},{\"@type\":\"Person\",\"@id\":\"https:\\\/\\\/vocal.erasmus.site\\\/#\\\/schema\\\/person\\\/85ffe4958a85203fdb9df909efde7c34\",\"name\":\"admin\",\"image\":{\"@type\":\"ImageObject\",\"inLanguage\":\"lt-LT\",\"@id\":\"https:\\\/\\\/secure.gravatar.com\\\/avatar\\\/c24bfdd45307cf22a3472c1da6949f775fd809231767deebce537dda381c81f0?s=96&d=mm&r=g\",\"url\":\"https:\\\/\\\/secure.gravatar.com\\\/avatar\\\/c24bfdd45307cf22a3472c1da6949f775fd809231767deebce537dda381c81f0?s=96&d=mm&r=g\",\"contentUrl\":\"https:\\\/\\\/secure.gravatar.com\\\/avatar\\\/c24bfdd45307cf22a3472c1da6949f775fd809231767deebce537dda381c81f0?s=96&d=mm&r=g\",\"caption\":\"admin\"},\"url\":\"https:\\\/\\\/vocal.erasmus.site\\\/lt\\\/author\\\/admin\\\/\"}]}<\/script>\n<!-- \/ Yoast SEO plugin. -->","yoast_head_json":{"title":"Tre\u010dias partneri\u0173 susitikimas (2018 m. gruod\u017eio 3-4 d., Italija) - Vocal in Need","robots":{"index":"index","follow":"follow","max-snippet":"max-snippet:-1","max-image-preview":"max-image-preview:large","max-video-preview":"max-video-preview:-1"},"canonical":"https:\/\/vocal.erasmus.site\/news\/3rd-project-meeting-3-4-december-2018-italy\/","og_locale":"lt_LT","og_type":"article","og_title":"Tre\u010dias partneri\u0173 susitikimas (2018 m. gruod\u017eio 3-4 d., Italija) - Vocal in Need","og_description":"\u0160io susitikimo metu partneriai susitar\u0117 d\u0117l galutinio mokymo modulio prototip\u0173 formato ir d\u0117l paskutini\u0173 \u017eingsni\u0173, kaip u\u017ebaigti j\u0173 vertim\u0105 ir lokalizavim\u0105 pagal konkre\u010di\u0173 \u0161ali\u0173 kontekstus. Be to, buvo aptartas internetini\u0173 mokymo moduli\u0173 ir \u201eMobile Assistant\u201c programos strukt\u016bra ir i\u0161d\u0117stymas, taip pat buvo parengtas tvarkara\u0161tis, kada bus i\u0161bandoma parengta med\u017eiaga.","og_url":"https:\/\/vocal.erasmus.site\/news\/3rd-project-meeting-3-4-december-2018-italy\/","og_site_name":"Vocal in Need","article_published_time":"2019-06-05T14:34:58+00:00","article_modified_time":"2019-06-05T14:52:58+00:00","og_image":[{"width":1200,"height":901,"url":"https:\/\/vocal.erasmus.site\/wp-content\/uploads\/2019\/06\/vin-firenze.jpg","type":"image\/jpeg"}],"author":"admin","twitter_card":"summary_large_image","twitter_misc":{"Written by":"admin","Est. reading time":"2 minut\u0117s"},"schema":{"@context":"https:\/\/schema.org","@graph":[{"@type":"Article","@id":"https:\/\/vocal.erasmus.site\/news\/3rd-project-meeting-3-4-december-2018-italy\/#article","isPartOf":{"@id":"https:\/\/vocal.erasmus.site\/news\/3rd-project-meeting-3-4-december-2018-italy\/"},"author":{"name":"admin","@id":"https:\/\/vocal.erasmus.site\/#\/schema\/person\/85ffe4958a85203fdb9df909efde7c34"},"headline":"Tre\u010dias partneri\u0173 susitikimas (2018 m. gruod\u017eio 3-4 d., Italija)","datePublished":"2019-06-05T14:34:58+00:00","dateModified":"2019-06-05T14:52:58+00:00","mainEntityOfPage":{"@id":"https:\/\/vocal.erasmus.site\/news\/3rd-project-meeting-3-4-december-2018-italy\/"},"wordCount":490,"publisher":{"@id":"https:\/\/vocal.erasmus.site\/#organization"},"image":{"@id":"https:\/\/vocal.erasmus.site\/news\/3rd-project-meeting-3-4-december-2018-italy\/#primaryimage"},"thumbnailUrl":"https:\/\/i0.wp.com\/vocal.erasmus.site\/wp-content\/uploads\/2019\/06\/vin-firenze.jpg?fit=1200%2C901&ssl=1","articleSection":["news"],"inLanguage":"lt-LT"},{"@type":"WebPage","@id":"https:\/\/vocal.erasmus.site\/news\/3rd-project-meeting-3-4-december-2018-italy\/","url":"https:\/\/vocal.erasmus.site\/news\/3rd-project-meeting-3-4-december-2018-italy\/","name":"Tre\u010dias partneri\u0173 susitikimas (2018 m. gruod\u017eio 3-4 d., Italija) - Vocal in Need","isPartOf":{"@id":"https:\/\/vocal.erasmus.site\/#website"},"primaryImageOfPage":{"@id":"https:\/\/vocal.erasmus.site\/news\/3rd-project-meeting-3-4-december-2018-italy\/#primaryimage"},"image":{"@id":"https:\/\/vocal.erasmus.site\/news\/3rd-project-meeting-3-4-december-2018-italy\/#primaryimage"},"thumbnailUrl":"https:\/\/i0.wp.com\/vocal.erasmus.site\/wp-content\/uploads\/2019\/06\/vin-firenze.jpg?fit=1200%2C901&ssl=1","datePublished":"2019-06-05T14:34:58+00:00","dateModified":"2019-06-05T14:52:58+00:00","breadcrumb":{"@id":"https:\/\/vocal.erasmus.site\/news\/3rd-project-meeting-3-4-december-2018-italy\/#breadcrumb"},"inLanguage":"lt-LT","potentialAction":[{"@type":"ReadAction","target":["https:\/\/vocal.erasmus.site\/news\/3rd-project-meeting-3-4-december-2018-italy\/"]}]},{"@type":"ImageObject","inLanguage":"lt-LT","@id":"https:\/\/vocal.erasmus.site\/news\/3rd-project-meeting-3-4-december-2018-italy\/#primaryimage","url":"https:\/\/i0.wp.com\/vocal.erasmus.site\/wp-content\/uploads\/2019\/06\/vin-firenze.jpg?fit=1200%2C901&ssl=1","contentUrl":"https:\/\/i0.wp.com\/vocal.erasmus.site\/wp-content\/uploads\/2019\/06\/vin-firenze.jpg?fit=1200%2C901&ssl=1","width":1200,"height":901},{"@type":"BreadcrumbList","@id":"https:\/\/vocal.erasmus.site\/news\/3rd-project-meeting-3-4-december-2018-italy\/#breadcrumb","itemListElement":[{"@type":"ListItem","position":1,"name":"Home","item":"https:\/\/vocal.erasmus.site\/"},{"@type":"ListItem","position":2,"name":"3rd Project Meeting (3-4 December 2018, Italy)"}]},{"@type":"WebSite","@id":"https:\/\/vocal.erasmus.site\/#website","url":"https:\/\/vocal.erasmus.site\/","name":"Vocal in Need","description":"","publisher":{"@id":"https:\/\/vocal.erasmus.site\/#organization"},"potentialAction":[{"@type":"SearchAction","target":{"@type":"EntryPoint","urlTemplate":"https:\/\/vocal.erasmus.site\/?s={search_term_string}"},"query-input":{"@type":"PropertyValueSpecification","valueRequired":true,"valueName":"search_term_string"}}],"inLanguage":"lt-LT"},{"@type":"Organization","@id":"https:\/\/vocal.erasmus.site\/#organization","name":"Vocal in Need","url":"https:\/\/vocal.erasmus.site\/","logo":{"@type":"ImageObject","inLanguage":"lt-LT","@id":"https:\/\/vocal.erasmus.site\/#\/schema\/logo\/image\/","url":"https:\/\/i0.wp.com\/vocal.erasmus.site\/wp-content\/uploads\/2018\/03\/LOGO_FINAL-300x75.png?fit=300%2C75&ssl=1","contentUrl":"https:\/\/i0.wp.com\/vocal.erasmus.site\/wp-content\/uploads\/2018\/03\/LOGO_FINAL-300x75.png?fit=300%2C75&ssl=1","width":300,"height":75,"caption":"Vocal in Need"},"image":{"@id":"https:\/\/vocal.erasmus.site\/#\/schema\/logo\/image\/"}},{"@type":"Person","@id":"https:\/\/vocal.erasmus.site\/#\/schema\/person\/85ffe4958a85203fdb9df909efde7c34","name":"admin","image":{"@type":"ImageObject","inLanguage":"lt-LT","@id":"https:\/\/secure.gravatar.com\/avatar\/c24bfdd45307cf22a3472c1da6949f775fd809231767deebce537dda381c81f0?s=96&d=mm&r=g","url":"https:\/\/secure.gravatar.com\/avatar\/c24bfdd45307cf22a3472c1da6949f775fd809231767deebce537dda381c81f0?s=96&d=mm&r=g","contentUrl":"https:\/\/secure.gravatar.com\/avatar\/c24bfdd45307cf22a3472c1da6949f775fd809231767deebce537dda381c81f0?s=96&d=mm&r=g","caption":"admin"},"url":"https:\/\/vocal.erasmus.site\/lt\/author\/admin\/"}]}},"jetpack_publicize_connections":[],"jetpack_featured_media_url":"https:\/\/i0.wp.com\/vocal.erasmus.site\/wp-content\/uploads\/2019\/06\/vin-firenze.jpg?fit=1200%2C901&ssl=1","jetpack_sharing_enabled":true,"jetpack_shortlink":"https:\/\/wp.me\/p9PcbK-gH","jetpack-related-posts":[],"_links":{"self":[{"href":"https:\/\/vocal.erasmus.site\/lt\/wp-json\/wp\/v2\/posts\/1035","targetHints":{"allow":["GET"]}}],"collection":[{"href":"https:\/\/vocal.erasmus.site\/lt\/wp-json\/wp\/v2\/posts"}],"about":[{"href":"https:\/\/vocal.erasmus.site\/lt\/wp-json\/wp\/v2\/types\/post"}],"author":[{"embeddable":true,"href":"https:\/\/vocal.erasmus.site\/lt\/wp-json\/wp\/v2\/users\/2"}],"replies":[{"embeddable":true,"href":"https:\/\/vocal.erasmus.site\/lt\/wp-json\/wp\/v2\/comments?post=1035"}],"version-history":[{"count":5,"href":"https:\/\/vocal.erasmus.site\/lt\/wp-json\/wp\/v2\/posts\/1035\/revisions"}],"predecessor-version":[{"id":1042,"href":"https:\/\/vocal.erasmus.site\/lt\/wp-json\/wp\/v2\/posts\/1035\/revisions\/1042"}],"wp:featuredmedia":[{"embeddable":true,"href":"https:\/\/vocal.erasmus.site\/lt\/wp-json\/wp\/v2\/media\/1036"}],"wp:attachment":[{"href":"https:\/\/vocal.erasmus.site\/lt\/wp-json\/wp\/v2\/media?parent=1035"}],"wp:term":[{"taxonomy":"category","embeddable":true,"href":"https:\/\/vocal.erasmus.site\/lt\/wp-json\/wp\/v2\/categories?post=1035"},{"taxonomy":"post_tag","embeddable":true,"href":"https:\/\/vocal.erasmus.site\/lt\/wp-json\/wp\/v2\/tags?post=1035"}],"curies":[{"name":"wp","href":"https:\/\/api.w.org\/{rel}","templated":true}]}}