{"id":863,"date":"2019-05-15T17:32:43","date_gmt":"2019-05-15T17:32:43","guid":{"rendered":"https:\/\/vocal.erasmus.site\/?p=863"},"modified":"2020-01-02T12:43:19","modified_gmt":"2020-01-02T12:43:19","slug":"3-2-commotion-in-a-refugee-centre","status":"publish","type":"post","link":"https:\/\/vocal.erasmus.site\/lt\/modules\/module-5\/3-2-commotion-in-a-refugee-centre\/","title":{"rendered":"3.2. S\u0105my\u0161is pab\u0117g\u0117li\u0173 centre"},"content":{"rendered":"<p>Vien\u0105 vakar\u0105 voki\u0161kai kalban\u010dios \u0161alies pab\u0117g\u0117li\u0173 centre \u012fvyko didelis s\u0105my\u0161is. 20 \u0160iaur\u0117s Afrikos pab\u0117g\u0117li\u0173 grup\u0117 buvo labai susijaudinusi ir emocinga. Garsiai skamban\u010dios grup\u0117s triuk\u0161mas buvo girdimas visame centre. Jaunasis socialinis darbuotojas, kuris bud\u0117jo, buvo nustebintas, kad staiga kilo toks triuk\u0161mas ir nu\u0117jo pamatyti, kas nutiko. Keletas pab\u0117g\u0117li\u0173 jam susijaudin\u0119 paai\u0161kino, kad vienas i\u0161 j\u0173 draug\u0173 gavo oficial\u0173 prane\u0161im\u0105, kad jis bus i\u0161si\u0173stas atgal \u012f savo \u0161al\u012f ir kad jie d\u0117l to labai nusimin\u0117. Atsakingas socialinis darbuotojas negal\u0117jo nuraminti grup\u0117s. Kuo daugiau jis steng\u0117si paai\u0161kinti situacij\u0105 visai grupei, tuo daugiau nusimin\u0117 pab\u0117g\u0117liai. Socialinis darbuotojas ilgiau negal\u0117jo valdyti situacijos. Jis nebegal\u0117jo susikalb\u0117ti su niekuo d\u0117l s\u0105my\u0161io kambaryje. Galiausiai jis paskambino policijai.<\/p>\n<p><strong>Kod\u0117l, j\u016bs\u0173 manymu, jaunasis socialinis darbuotojas negal\u0117jo kontroliuoti situacijos? Pra\u0161ome perskaityti galimus atsakymus ir pasirinkti labiausiai tik\u0117tin\u0105 atsakym\u0105. Situacijoje gali b\u016bti keli teisingi atsakymai. <\/strong><br \/>\n<\/p>","protected":false},"excerpt":{"rendered":"<p>Vien\u0105 vakar\u0105 voki\u0161kai kalban\u010dios \u0161alies pab\u0117g\u0117li\u0173 centre \u012fvyko didelis s\u0105my\u0161is. 20 \u0160iaur\u0117s Afrikos pab\u0117g\u0117li\u0173 grup\u0117 buvo labai susijaudinusi ir emocinga. Garsiai skamban\u010dios grup\u0117s triuk\u0161mas buvo girdimas visame centre. Jaunasis socialinis darbuotojas, kuris bud\u0117jo, buvo nustebintas, kad staiga kilo toks triuk\u0161mas ir nu\u0117jo pamatyti, kas nutiko. Keletas pab\u0117g\u0117li\u0173 jam susijaudin\u0119 paai\u0161kino, kad vienas i\u0161 j\u0173 draug\u0173 [&hellip;]<\/p>\n","protected":false},"author":2,"featured_media":0,"comment_status":"closed","ping_status":"open","sticky":false,"template":"","format":"standard","meta":{"jetpack_post_was_ever_published":false,"_jetpack_newsletter_access":"","_jetpack_dont_email_post_to_subs":false,"_jetpack_newsletter_tier_id":0,"_jetpack_memberships_contains_paywalled_content":false,"_jetpack_memberships_contains_paid_content":false,"footnotes":"","jetpack_publicize_message":"","jetpack_publicize_feature_enabled":true,"jetpack_social_post_already_shared":false,"jetpack_social_options":{"image_generator_settings":{"template":"highway","default_image_id":0,"font":"","enabled":false},"version":2}},"categories":[11],"tags":[20],"class_list":["post-863","post","type-post","status-publish","format-standard","hentry","category-module-5","tag-content"],"yoast_head":"<!-- This site is optimized with the Yoast SEO plugin v27.4 - https:\/\/yoast.com\/product\/yoast-seo-wordpress\/ -->\n<title>3.2. S\u0105my\u0161is pab\u0117g\u0117li\u0173 centre - Vocal in Need<\/title>\n<meta name=\"robots\" content=\"index, follow, max-snippet:-1, max-image-preview:large, max-video-preview:-1\" \/>\n<link rel=\"canonical\" href=\"https:\/\/vocal.erasmus.site\/tr\/modules\/module-5\/3-2-commotion-in-a-refugee-centre\/\" \/>\n<meta property=\"og:locale\" content=\"lt_LT\" \/>\n<meta property=\"og:type\" content=\"article\" \/>\n<meta property=\"og:title\" content=\"3.2. S\u0105my\u0161is pab\u0117g\u0117li\u0173 centre - Vocal in Need\" \/>\n<meta property=\"og:description\" content=\"Vien\u0105 vakar\u0105 voki\u0161kai kalban\u010dios \u0161alies pab\u0117g\u0117li\u0173 centre \u012fvyko didelis s\u0105my\u0161is. 20 \u0160iaur\u0117s Afrikos pab\u0117g\u0117li\u0173 grup\u0117 buvo labai susijaudinusi ir emocinga. Garsiai skamban\u010dios grup\u0117s triuk\u0161mas buvo girdimas visame centre. Jaunasis socialinis darbuotojas, kuris bud\u0117jo, buvo nustebintas, kad staiga kilo toks triuk\u0161mas ir nu\u0117jo pamatyti, kas nutiko. Keletas pab\u0117g\u0117li\u0173 jam susijaudin\u0119 paai\u0161kino, kad vienas i\u0161 j\u0173 draug\u0173 [&hellip;]\" \/>\n<meta property=\"og:url\" content=\"https:\/\/vocal.erasmus.site\/tr\/modules\/module-5\/3-2-commotion-in-a-refugee-centre\/\" \/>\n<meta property=\"og:site_name\" content=\"Vocal in Need\" \/>\n<meta property=\"article:published_time\" content=\"2019-05-15T17:32:43+00:00\" \/>\n<meta property=\"article:modified_time\" content=\"2020-01-02T12:43:19+00:00\" \/>\n<meta name=\"author\" content=\"admin\" \/>\n<meta name=\"twitter:card\" content=\"summary_large_image\" \/>\n<meta name=\"twitter:label1\" content=\"Written by\" \/>\n\t<meta name=\"twitter:data1\" content=\"admin\" \/>\n\t<meta name=\"twitter:label2\" content=\"Est. reading time\" \/>\n\t<meta name=\"twitter:data2\" content=\"6 minut\u0117s\" \/>\n<script type=\"application\/ld+json\" class=\"yoast-schema-graph\">{\"@context\":\"https:\\\/\\\/schema.org\",\"@graph\":[{\"@type\":\"Article\",\"@id\":\"https:\\\/\\\/vocal.erasmus.site\\\/tr\\\/modules\\\/module-5\\\/3-2-commotion-in-a-refugee-centre\\\/#article\",\"isPartOf\":{\"@id\":\"https:\\\/\\\/vocal.erasmus.site\\\/tr\\\/modules\\\/module-5\\\/3-2-commotion-in-a-refugee-centre\\\/\"},\"author\":{\"name\":\"admin\",\"@id\":\"https:\\\/\\\/vocal.erasmus.site\\\/#\\\/schema\\\/person\\\/85ffe4958a85203fdb9df909efde7c34\"},\"headline\":\"3.2. S\u0105my\u0161is pab\u0117g\u0117li\u0173 centre\",\"datePublished\":\"2019-05-15T17:32:43+00:00\",\"dateModified\":\"2020-01-02T12:43:19+00:00\",\"mainEntityOfPage\":{\"@id\":\"https:\\\/\\\/vocal.erasmus.site\\\/tr\\\/modules\\\/module-5\\\/3-2-commotion-in-a-refugee-centre\\\/\"},\"wordCount\":2200,\"publisher\":{\"@id\":\"https:\\\/\\\/vocal.erasmus.site\\\/#organization\"},\"keywords\":[\"content\"],\"articleSection\":[\"Modulis 5 \\\"Tarpkult\u016brinis s\u0105moningumas\\\"\"],\"inLanguage\":\"lt-LT\"},{\"@type\":\"WebPage\",\"@id\":\"https:\\\/\\\/vocal.erasmus.site\\\/tr\\\/modules\\\/module-5\\\/3-2-commotion-in-a-refugee-centre\\\/\",\"url\":\"https:\\\/\\\/vocal.erasmus.site\\\/tr\\\/modules\\\/module-5\\\/3-2-commotion-in-a-refugee-centre\\\/\",\"name\":\"3.2. S\u0105my\u0161is pab\u0117g\u0117li\u0173 centre - Vocal in Need\",\"isPartOf\":{\"@id\":\"https:\\\/\\\/vocal.erasmus.site\\\/#website\"},\"datePublished\":\"2019-05-15T17:32:43+00:00\",\"dateModified\":\"2020-01-02T12:43:19+00:00\",\"breadcrumb\":{\"@id\":\"https:\\\/\\\/vocal.erasmus.site\\\/tr\\\/modules\\\/module-5\\\/3-2-commotion-in-a-refugee-centre\\\/#breadcrumb\"},\"inLanguage\":\"lt-LT\",\"potentialAction\":[{\"@type\":\"ReadAction\",\"target\":[\"https:\\\/\\\/vocal.erasmus.site\\\/tr\\\/modules\\\/module-5\\\/3-2-commotion-in-a-refugee-centre\\\/\"]}]},{\"@type\":\"BreadcrumbList\",\"@id\":\"https:\\\/\\\/vocal.erasmus.site\\\/tr\\\/modules\\\/module-5\\\/3-2-commotion-in-a-refugee-centre\\\/#breadcrumb\",\"itemListElement\":[{\"@type\":\"ListItem\",\"position\":1,\"name\":\"Home\",\"item\":\"https:\\\/\\\/vocal.erasmus.site\\\/\"},{\"@type\":\"ListItem\",\"position\":2,\"name\":\"3.2. M\u00fclteci merkezinde karga\u015fa\"}]},{\"@type\":\"WebSite\",\"@id\":\"https:\\\/\\\/vocal.erasmus.site\\\/#website\",\"url\":\"https:\\\/\\\/vocal.erasmus.site\\\/\",\"name\":\"Vocal in Need\",\"description\":\"\",\"publisher\":{\"@id\":\"https:\\\/\\\/vocal.erasmus.site\\\/#organization\"},\"potentialAction\":[{\"@type\":\"SearchAction\",\"target\":{\"@type\":\"EntryPoint\",\"urlTemplate\":\"https:\\\/\\\/vocal.erasmus.site\\\/?s={search_term_string}\"},\"query-input\":{\"@type\":\"PropertyValueSpecification\",\"valueRequired\":true,\"valueName\":\"search_term_string\"}}],\"inLanguage\":\"lt-LT\"},{\"@type\":\"Organization\",\"@id\":\"https:\\\/\\\/vocal.erasmus.site\\\/#organization\",\"name\":\"Vocal in Need\",\"url\":\"https:\\\/\\\/vocal.erasmus.site\\\/\",\"logo\":{\"@type\":\"ImageObject\",\"inLanguage\":\"lt-LT\",\"@id\":\"https:\\\/\\\/vocal.erasmus.site\\\/#\\\/schema\\\/logo\\\/image\\\/\",\"url\":\"https:\\\/\\\/i0.wp.com\\\/vocal.erasmus.site\\\/wp-content\\\/uploads\\\/2018\\\/03\\\/LOGO_FINAL-300x75.png?fit=300%2C75&ssl=1\",\"contentUrl\":\"https:\\\/\\\/i0.wp.com\\\/vocal.erasmus.site\\\/wp-content\\\/uploads\\\/2018\\\/03\\\/LOGO_FINAL-300x75.png?fit=300%2C75&ssl=1\",\"width\":300,\"height\":75,\"caption\":\"Vocal in Need\"},\"image\":{\"@id\":\"https:\\\/\\\/vocal.erasmus.site\\\/#\\\/schema\\\/logo\\\/image\\\/\"}},{\"@type\":\"Person\",\"@id\":\"https:\\\/\\\/vocal.erasmus.site\\\/#\\\/schema\\\/person\\\/85ffe4958a85203fdb9df909efde7c34\",\"name\":\"admin\",\"image\":{\"@type\":\"ImageObject\",\"inLanguage\":\"lt-LT\",\"@id\":\"https:\\\/\\\/secure.gravatar.com\\\/avatar\\\/c24bfdd45307cf22a3472c1da6949f775fd809231767deebce537dda381c81f0?s=96&d=mm&r=g\",\"url\":\"https:\\\/\\\/secure.gravatar.com\\\/avatar\\\/c24bfdd45307cf22a3472c1da6949f775fd809231767deebce537dda381c81f0?s=96&d=mm&r=g\",\"contentUrl\":\"https:\\\/\\\/secure.gravatar.com\\\/avatar\\\/c24bfdd45307cf22a3472c1da6949f775fd809231767deebce537dda381c81f0?s=96&d=mm&r=g\",\"caption\":\"admin\"},\"url\":\"https:\\\/\\\/vocal.erasmus.site\\\/lt\\\/author\\\/admin\\\/\"}]}<\/script>\n<!-- \/ Yoast SEO plugin. -->","yoast_head_json":{"title":"3.2. S\u0105my\u0161is pab\u0117g\u0117li\u0173 centre - Vocal in Need","robots":{"index":"index","follow":"follow","max-snippet":"max-snippet:-1","max-image-preview":"max-image-preview:large","max-video-preview":"max-video-preview:-1"},"canonical":"https:\/\/vocal.erasmus.site\/tr\/modules\/module-5\/3-2-commotion-in-a-refugee-centre\/","og_locale":"lt_LT","og_type":"article","og_title":"3.2. S\u0105my\u0161is pab\u0117g\u0117li\u0173 centre - Vocal in Need","og_description":"Vien\u0105 vakar\u0105 voki\u0161kai kalban\u010dios \u0161alies pab\u0117g\u0117li\u0173 centre \u012fvyko didelis s\u0105my\u0161is. 20 \u0160iaur\u0117s Afrikos pab\u0117g\u0117li\u0173 grup\u0117 buvo labai susijaudinusi ir emocinga. Garsiai skamban\u010dios grup\u0117s triuk\u0161mas buvo girdimas visame centre. Jaunasis socialinis darbuotojas, kuris bud\u0117jo, buvo nustebintas, kad staiga kilo toks triuk\u0161mas ir nu\u0117jo pamatyti, kas nutiko. Keletas pab\u0117g\u0117li\u0173 jam susijaudin\u0119 paai\u0161kino, kad vienas i\u0161 j\u0173 draug\u0173 [&hellip;]","og_url":"https:\/\/vocal.erasmus.site\/tr\/modules\/module-5\/3-2-commotion-in-a-refugee-centre\/","og_site_name":"Vocal in Need","article_published_time":"2019-05-15T17:32:43+00:00","article_modified_time":"2020-01-02T12:43:19+00:00","author":"admin","twitter_card":"summary_large_image","twitter_misc":{"Written by":"admin","Est. reading time":"6 minut\u0117s"},"schema":{"@context":"https:\/\/schema.org","@graph":[{"@type":"Article","@id":"https:\/\/vocal.erasmus.site\/tr\/modules\/module-5\/3-2-commotion-in-a-refugee-centre\/#article","isPartOf":{"@id":"https:\/\/vocal.erasmus.site\/tr\/modules\/module-5\/3-2-commotion-in-a-refugee-centre\/"},"author":{"name":"admin","@id":"https:\/\/vocal.erasmus.site\/#\/schema\/person\/85ffe4958a85203fdb9df909efde7c34"},"headline":"3.2. S\u0105my\u0161is pab\u0117g\u0117li\u0173 centre","datePublished":"2019-05-15T17:32:43+00:00","dateModified":"2020-01-02T12:43:19+00:00","mainEntityOfPage":{"@id":"https:\/\/vocal.erasmus.site\/tr\/modules\/module-5\/3-2-commotion-in-a-refugee-centre\/"},"wordCount":2200,"publisher":{"@id":"https:\/\/vocal.erasmus.site\/#organization"},"keywords":["content"],"articleSection":["Modulis 5 \"Tarpkult\u016brinis s\u0105moningumas\""],"inLanguage":"lt-LT"},{"@type":"WebPage","@id":"https:\/\/vocal.erasmus.site\/tr\/modules\/module-5\/3-2-commotion-in-a-refugee-centre\/","url":"https:\/\/vocal.erasmus.site\/tr\/modules\/module-5\/3-2-commotion-in-a-refugee-centre\/","name":"3.2. S\u0105my\u0161is pab\u0117g\u0117li\u0173 centre - Vocal in Need","isPartOf":{"@id":"https:\/\/vocal.erasmus.site\/#website"},"datePublished":"2019-05-15T17:32:43+00:00","dateModified":"2020-01-02T12:43:19+00:00","breadcrumb":{"@id":"https:\/\/vocal.erasmus.site\/tr\/modules\/module-5\/3-2-commotion-in-a-refugee-centre\/#breadcrumb"},"inLanguage":"lt-LT","potentialAction":[{"@type":"ReadAction","target":["https:\/\/vocal.erasmus.site\/tr\/modules\/module-5\/3-2-commotion-in-a-refugee-centre\/"]}]},{"@type":"BreadcrumbList","@id":"https:\/\/vocal.erasmus.site\/tr\/modules\/module-5\/3-2-commotion-in-a-refugee-centre\/#breadcrumb","itemListElement":[{"@type":"ListItem","position":1,"name":"Home","item":"https:\/\/vocal.erasmus.site\/"},{"@type":"ListItem","position":2,"name":"3.2. M\u00fclteci merkezinde karga\u015fa"}]},{"@type":"WebSite","@id":"https:\/\/vocal.erasmus.site\/#website","url":"https:\/\/vocal.erasmus.site\/","name":"Vocal in Need","description":"","publisher":{"@id":"https:\/\/vocal.erasmus.site\/#organization"},"potentialAction":[{"@type":"SearchAction","target":{"@type":"EntryPoint","urlTemplate":"https:\/\/vocal.erasmus.site\/?s={search_term_string}"},"query-input":{"@type":"PropertyValueSpecification","valueRequired":true,"valueName":"search_term_string"}}],"inLanguage":"lt-LT"},{"@type":"Organization","@id":"https:\/\/vocal.erasmus.site\/#organization","name":"Vocal in Need","url":"https:\/\/vocal.erasmus.site\/","logo":{"@type":"ImageObject","inLanguage":"lt-LT","@id":"https:\/\/vocal.erasmus.site\/#\/schema\/logo\/image\/","url":"https:\/\/i0.wp.com\/vocal.erasmus.site\/wp-content\/uploads\/2018\/03\/LOGO_FINAL-300x75.png?fit=300%2C75&ssl=1","contentUrl":"https:\/\/i0.wp.com\/vocal.erasmus.site\/wp-content\/uploads\/2018\/03\/LOGO_FINAL-300x75.png?fit=300%2C75&ssl=1","width":300,"height":75,"caption":"Vocal in Need"},"image":{"@id":"https:\/\/vocal.erasmus.site\/#\/schema\/logo\/image\/"}},{"@type":"Person","@id":"https:\/\/vocal.erasmus.site\/#\/schema\/person\/85ffe4958a85203fdb9df909efde7c34","name":"admin","image":{"@type":"ImageObject","inLanguage":"lt-LT","@id":"https:\/\/secure.gravatar.com\/avatar\/c24bfdd45307cf22a3472c1da6949f775fd809231767deebce537dda381c81f0?s=96&d=mm&r=g","url":"https:\/\/secure.gravatar.com\/avatar\/c24bfdd45307cf22a3472c1da6949f775fd809231767deebce537dda381c81f0?s=96&d=mm&r=g","contentUrl":"https:\/\/secure.gravatar.com\/avatar\/c24bfdd45307cf22a3472c1da6949f775fd809231767deebce537dda381c81f0?s=96&d=mm&r=g","caption":"admin"},"url":"https:\/\/vocal.erasmus.site\/lt\/author\/admin\/"}]}},"jetpack_publicize_connections":[],"jetpack_featured_media_url":"","jetpack_sharing_enabled":true,"jetpack_shortlink":"https:\/\/wp.me\/p9PcbK-dV","jetpack-related-posts":[],"_links":{"self":[{"href":"https:\/\/vocal.erasmus.site\/lt\/wp-json\/wp\/v2\/posts\/863","targetHints":{"allow":["GET"]}}],"collection":[{"href":"https:\/\/vocal.erasmus.site\/lt\/wp-json\/wp\/v2\/posts"}],"about":[{"href":"https:\/\/vocal.erasmus.site\/lt\/wp-json\/wp\/v2\/types\/post"}],"author":[{"embeddable":true,"href":"https:\/\/vocal.erasmus.site\/lt\/wp-json\/wp\/v2\/users\/2"}],"replies":[{"embeddable":true,"href":"https:\/\/vocal.erasmus.site\/lt\/wp-json\/wp\/v2\/comments?post=863"}],"version-history":[{"count":5,"href":"https:\/\/vocal.erasmus.site\/lt\/wp-json\/wp\/v2\/posts\/863\/revisions"}],"predecessor-version":[{"id":1127,"href":"https:\/\/vocal.erasmus.site\/lt\/wp-json\/wp\/v2\/posts\/863\/revisions\/1127"}],"wp:attachment":[{"href":"https:\/\/vocal.erasmus.site\/lt\/wp-json\/wp\/v2\/media?parent=863"}],"wp:term":[{"taxonomy":"category","embeddable":true,"href":"https:\/\/vocal.erasmus.site\/lt\/wp-json\/wp\/v2\/categories?post=863"},{"taxonomy":"post_tag","embeddable":true,"href":"https:\/\/vocal.erasmus.site\/lt\/wp-json\/wp\/v2\/tags?post=863"}],"curies":[{"name":"wp","href":"https:\/\/api.w.org\/{rel}","templated":true}]}}