{"id":1278,"date":"2019-12-20T11:13:09","date_gmt":"2019-12-20T11:13:09","guid":{"rendered":"https:\/\/vocal.erasmus.site\/?p=1278"},"modified":"2020-01-20T11:40:36","modified_gmt":"2020-01-20T11:40:36","slug":"4th-transnational-meeting","status":"publish","type":"post","link":"https:\/\/vocal.erasmus.site\/tr\/news\/4th-transnational-meeting\/","title":{"rendered":"4. Uluslararas\u0131 Toplant\u0131"},"content":{"rendered":"<p>Vocal In Need projesinin 4. Uluslararas\u0131 toplant\u0131s\u0131na Almanya\u2019n\u0131n Dresden \u015fehri polis okulu (Hochschule der S\u00e4chsischen Polizei) 12 Eyl\u00fcl 2019\u2019da ev sahipli\u011fi yapt\u0131.<\/p>\n<p>Bu uluslararas\u0131 toplant\u0131da \u00e7evrimi\u00e7i e\u011fitim mod\u00fcllerinde ve mobil cihazlarda proje uygulamalar\u0131 ile ilgili d\u00fczenlenmesi gereken b\u00f6l\u00fcmler ele al\u0131nd\u0131.Toplant\u0131da bunlara ilave olarak a\u00e7\u0131k u\u00e7lu sorularla projenin sonu\u00e7lar\u0131na ait t\u00fcm proje \u00e7\u0131kt\u0131lar\u0131 g\u00f6zden ge\u00e7irildi.<\/p>\n<p>Toplant\u0131da projenin idari sorunlar\u0131 ile ilgili tart\u0131\u015fmalardan sonra ,proje konferans\u0131 hakk\u0131nda son d\u00fczenlemeler yap\u0131ld\u0131.<\/p>\n<p>Son Olarak proje ortaklar\u0131 bu projenin izlenmesi i\u00e7in ve gelecek y\u0131l s\u00fcrd\u00fcr\u00fclecek i\u015fbirlikleri i\u00e7in fikir al\u0131\u015fveri\u015finde bulundu.<\/p>","protected":false},"excerpt":{"rendered":"<p>Vocal In Need projesinin 4. Uluslararas\u0131 toplant\u0131s\u0131na Almanya\u2019n\u0131n Dresden \u015fehri polis okulu (Hochschule der S\u00e4chsischen Polizei) 12 Eyl\u00fcl 2019\u2019da ev sahipli\u011fi yapt\u0131. Bu uluslararas\u0131 toplant\u0131da \u00e7evrimi\u00e7i e\u011fitim mod\u00fcllerinde ve mobil cihazlarda proje uygulamalar\u0131 ile ilgili d\u00fczenlenmesi gereken b\u00f6l\u00fcmler ele al\u0131nd\u0131.Toplant\u0131da bunlara ilave olarak a\u00e7\u0131k u\u00e7lu sorularla projenin sonu\u00e7lar\u0131na ait t\u00fcm proje \u00e7\u0131kt\u0131lar\u0131 g\u00f6zden ge\u00e7irildi. Toplant\u0131da [&hellip;]<\/p>\n","protected":false},"author":2,"featured_media":1281,"comment_status":"closed","ping_status":"open","sticky":false,"template":"","format":"standard","meta":{"jetpack_post_was_ever_published":false,"_jetpack_newsletter_access":"","_jetpack_dont_email_post_to_subs":false,"_jetpack_newsletter_tier_id":0,"_jetpack_memberships_contains_paywalled_content":false,"_jetpack_memberships_contains_paid_content":false,"footnotes":"","jetpack_publicize_message":"","jetpack_publicize_feature_enabled":true,"jetpack_social_post_already_shared":false,"jetpack_social_options":{"image_generator_settings":{"template":"highway","default_image_id":0,"font":"","enabled":false},"version":2}},"categories":[2],"tags":[],"class_list":["post-1278","post","type-post","status-publish","format-standard","has-post-thumbnail","hentry","category-news"],"yoast_head":"<!-- This site is optimized with the Yoast SEO plugin v27.4 - https:\/\/yoast.com\/product\/yoast-seo-wordpress\/ -->\n<title>4. Uluslararas\u0131 Toplant\u0131 - Vocal in Need<\/title>\n<meta name=\"robots\" content=\"index, follow, max-snippet:-1, max-image-preview:large, max-video-preview:-1\" \/>\n<link rel=\"canonical\" href=\"https:\/\/vocal.erasmus.site\/news\/4th-transnational-meeting\/\" \/>\n<meta property=\"og:locale\" content=\"tr_TR\" \/>\n<meta property=\"og:type\" content=\"article\" \/>\n<meta property=\"og:title\" content=\"4. Uluslararas\u0131 Toplant\u0131 - Vocal in Need\" \/>\n<meta property=\"og:description\" content=\"Vocal In Need projesinin 4. Uluslararas\u0131 toplant\u0131s\u0131na Almanya\u2019n\u0131n Dresden \u015fehri polis okulu (Hochschule der S\u00e4chsischen Polizei) 12 Eyl\u00fcl 2019\u2019da ev sahipli\u011fi yapt\u0131. Bu uluslararas\u0131 toplant\u0131da \u00e7evrimi\u00e7i e\u011fitim mod\u00fcllerinde ve mobil cihazlarda proje uygulamalar\u0131 ile ilgili d\u00fczenlenmesi gereken b\u00f6l\u00fcmler ele al\u0131nd\u0131.Toplant\u0131da bunlara ilave olarak a\u00e7\u0131k u\u00e7lu sorularla projenin sonu\u00e7lar\u0131na ait t\u00fcm proje \u00e7\u0131kt\u0131lar\u0131 g\u00f6zden ge\u00e7irildi. Toplant\u0131da [&hellip;]\" \/>\n<meta property=\"og:url\" content=\"https:\/\/vocal.erasmus.site\/news\/4th-transnational-meeting\/\" \/>\n<meta property=\"og:site_name\" content=\"Vocal in Need\" \/>\n<meta property=\"article:published_time\" content=\"2019-12-20T11:13:09+00:00\" \/>\n<meta property=\"article:modified_time\" content=\"2020-01-20T11:40:36+00:00\" \/>\n<meta property=\"og:image\" content=\"https:\/\/vocal.erasmus.site\/wp-content\/uploads\/2020\/01\/IMG_4983-1024x683.jpg\" \/>\n\t<meta property=\"og:image:width\" content=\"1024\" \/>\n\t<meta property=\"og:image:height\" content=\"683\" \/>\n\t<meta property=\"og:image:type\" content=\"image\/jpeg\" \/>\n<meta name=\"author\" content=\"admin\" \/>\n<meta name=\"twitter:card\" content=\"summary_large_image\" \/>\n<meta name=\"twitter:label1\" content=\"Yazan:\" \/>\n\t<meta name=\"twitter:data1\" content=\"admin\" \/>\n\t<meta name=\"twitter:label2\" content=\"Tahmini okuma s\u00fcresi\" \/>\n\t<meta name=\"twitter:data2\" content=\"4 dakika\" \/>\n<script type=\"application\/ld+json\" class=\"yoast-schema-graph\">{\"@context\":\"https:\\\/\\\/schema.org\",\"@graph\":[{\"@type\":\"Article\",\"@id\":\"https:\\\/\\\/vocal.erasmus.site\\\/news\\\/4th-transnational-meeting\\\/#article\",\"isPartOf\":{\"@id\":\"https:\\\/\\\/vocal.erasmus.site\\\/news\\\/4th-transnational-meeting\\\/\"},\"author\":{\"name\":\"admin\",\"@id\":\"https:\\\/\\\/vocal.erasmus.site\\\/#\\\/schema\\\/person\\\/85ffe4958a85203fdb9df909efde7c34\"},\"headline\":\"4. Uluslararas\u0131 Toplant\u0131\",\"datePublished\":\"2019-12-20T11:13:09+00:00\",\"dateModified\":\"2020-01-20T11:40:36+00:00\",\"mainEntityOfPage\":{\"@id\":\"https:\\\/\\\/vocal.erasmus.site\\\/news\\\/4th-transnational-meeting\\\/\"},\"wordCount\":865,\"publisher\":{\"@id\":\"https:\\\/\\\/vocal.erasmus.site\\\/#organization\"},\"image\":{\"@id\":\"https:\\\/\\\/vocal.erasmus.site\\\/news\\\/4th-transnational-meeting\\\/#primaryimage\"},\"thumbnailUrl\":\"https:\\\/\\\/i0.wp.com\\\/vocal.erasmus.site\\\/wp-content\\\/uploads\\\/2020\\\/01\\\/IMG_4983.jpg?fit=6000%2C4000&ssl=1\",\"articleSection\":[\"news\"],\"inLanguage\":\"tr\"},{\"@type\":\"WebPage\",\"@id\":\"https:\\\/\\\/vocal.erasmus.site\\\/news\\\/4th-transnational-meeting\\\/\",\"url\":\"https:\\\/\\\/vocal.erasmus.site\\\/news\\\/4th-transnational-meeting\\\/\",\"name\":\"4. Uluslararas\u0131 Toplant\u0131 - Vocal in Need\",\"isPartOf\":{\"@id\":\"https:\\\/\\\/vocal.erasmus.site\\\/#website\"},\"primaryImageOfPage\":{\"@id\":\"https:\\\/\\\/vocal.erasmus.site\\\/news\\\/4th-transnational-meeting\\\/#primaryimage\"},\"image\":{\"@id\":\"https:\\\/\\\/vocal.erasmus.site\\\/news\\\/4th-transnational-meeting\\\/#primaryimage\"},\"thumbnailUrl\":\"https:\\\/\\\/i0.wp.com\\\/vocal.erasmus.site\\\/wp-content\\\/uploads\\\/2020\\\/01\\\/IMG_4983.jpg?fit=6000%2C4000&ssl=1\",\"datePublished\":\"2019-12-20T11:13:09+00:00\",\"dateModified\":\"2020-01-20T11:40:36+00:00\",\"breadcrumb\":{\"@id\":\"https:\\\/\\\/vocal.erasmus.site\\\/news\\\/4th-transnational-meeting\\\/#breadcrumb\"},\"inLanguage\":\"tr\",\"potentialAction\":[{\"@type\":\"ReadAction\",\"target\":[\"https:\\\/\\\/vocal.erasmus.site\\\/news\\\/4th-transnational-meeting\\\/\"]}]},{\"@type\":\"ImageObject\",\"inLanguage\":\"tr\",\"@id\":\"https:\\\/\\\/vocal.erasmus.site\\\/news\\\/4th-transnational-meeting\\\/#primaryimage\",\"url\":\"https:\\\/\\\/i0.wp.com\\\/vocal.erasmus.site\\\/wp-content\\\/uploads\\\/2020\\\/01\\\/IMG_4983.jpg?fit=6000%2C4000&ssl=1\",\"contentUrl\":\"https:\\\/\\\/i0.wp.com\\\/vocal.erasmus.site\\\/wp-content\\\/uploads\\\/2020\\\/01\\\/IMG_4983.jpg?fit=6000%2C4000&ssl=1\",\"width\":6000,\"height\":4000},{\"@type\":\"BreadcrumbList\",\"@id\":\"https:\\\/\\\/vocal.erasmus.site\\\/news\\\/4th-transnational-meeting\\\/#breadcrumb\",\"itemListElement\":[{\"@type\":\"ListItem\",\"position\":1,\"name\":\"Home\",\"item\":\"https:\\\/\\\/vocal.erasmus.site\\\/\"},{\"@type\":\"ListItem\",\"position\":2,\"name\":\"4th transnational meeting\"}]},{\"@type\":\"WebSite\",\"@id\":\"https:\\\/\\\/vocal.erasmus.site\\\/#website\",\"url\":\"https:\\\/\\\/vocal.erasmus.site\\\/\",\"name\":\"Vocal in Need\",\"description\":\"\",\"publisher\":{\"@id\":\"https:\\\/\\\/vocal.erasmus.site\\\/#organization\"},\"potentialAction\":[{\"@type\":\"SearchAction\",\"target\":{\"@type\":\"EntryPoint\",\"urlTemplate\":\"https:\\\/\\\/vocal.erasmus.site\\\/?s={search_term_string}\"},\"query-input\":{\"@type\":\"PropertyValueSpecification\",\"valueRequired\":true,\"valueName\":\"search_term_string\"}}],\"inLanguage\":\"tr\"},{\"@type\":\"Organization\",\"@id\":\"https:\\\/\\\/vocal.erasmus.site\\\/#organization\",\"name\":\"Vocal in Need\",\"url\":\"https:\\\/\\\/vocal.erasmus.site\\\/\",\"logo\":{\"@type\":\"ImageObject\",\"inLanguage\":\"tr\",\"@id\":\"https:\\\/\\\/vocal.erasmus.site\\\/#\\\/schema\\\/logo\\\/image\\\/\",\"url\":\"https:\\\/\\\/i0.wp.com\\\/vocal.erasmus.site\\\/wp-content\\\/uploads\\\/2018\\\/03\\\/LOGO_FINAL-300x75.png?fit=300%2C75&ssl=1\",\"contentUrl\":\"https:\\\/\\\/i0.wp.com\\\/vocal.erasmus.site\\\/wp-content\\\/uploads\\\/2018\\\/03\\\/LOGO_FINAL-300x75.png?fit=300%2C75&ssl=1\",\"width\":300,\"height\":75,\"caption\":\"Vocal in Need\"},\"image\":{\"@id\":\"https:\\\/\\\/vocal.erasmus.site\\\/#\\\/schema\\\/logo\\\/image\\\/\"}},{\"@type\":\"Person\",\"@id\":\"https:\\\/\\\/vocal.erasmus.site\\\/#\\\/schema\\\/person\\\/85ffe4958a85203fdb9df909efde7c34\",\"name\":\"admin\",\"image\":{\"@type\":\"ImageObject\",\"inLanguage\":\"tr\",\"@id\":\"https:\\\/\\\/secure.gravatar.com\\\/avatar\\\/c24bfdd45307cf22a3472c1da6949f775fd809231767deebce537dda381c81f0?s=96&d=mm&r=g\",\"url\":\"https:\\\/\\\/secure.gravatar.com\\\/avatar\\\/c24bfdd45307cf22a3472c1da6949f775fd809231767deebce537dda381c81f0?s=96&d=mm&r=g\",\"contentUrl\":\"https:\\\/\\\/secure.gravatar.com\\\/avatar\\\/c24bfdd45307cf22a3472c1da6949f775fd809231767deebce537dda381c81f0?s=96&d=mm&r=g\",\"caption\":\"admin\"},\"url\":\"https:\\\/\\\/vocal.erasmus.site\\\/tr\\\/author\\\/admin\\\/\"}]}<\/script>\n<!-- \/ Yoast SEO plugin. -->","yoast_head_json":{"title":"4. Uluslararas\u0131 Toplant\u0131 - Vocal in Need","robots":{"index":"index","follow":"follow","max-snippet":"max-snippet:-1","max-image-preview":"max-image-preview:large","max-video-preview":"max-video-preview:-1"},"canonical":"https:\/\/vocal.erasmus.site\/news\/4th-transnational-meeting\/","og_locale":"tr_TR","og_type":"article","og_title":"4. Uluslararas\u0131 Toplant\u0131 - Vocal in Need","og_description":"Vocal In Need projesinin 4. Uluslararas\u0131 toplant\u0131s\u0131na Almanya\u2019n\u0131n Dresden \u015fehri polis okulu (Hochschule der S\u00e4chsischen Polizei) 12 Eyl\u00fcl 2019\u2019da ev sahipli\u011fi yapt\u0131. Bu uluslararas\u0131 toplant\u0131da \u00e7evrimi\u00e7i e\u011fitim mod\u00fcllerinde ve mobil cihazlarda proje uygulamalar\u0131 ile ilgili d\u00fczenlenmesi gereken b\u00f6l\u00fcmler ele al\u0131nd\u0131.Toplant\u0131da bunlara ilave olarak a\u00e7\u0131k u\u00e7lu sorularla projenin sonu\u00e7lar\u0131na ait t\u00fcm proje \u00e7\u0131kt\u0131lar\u0131 g\u00f6zden ge\u00e7irildi. Toplant\u0131da [&hellip;]","og_url":"https:\/\/vocal.erasmus.site\/news\/4th-transnational-meeting\/","og_site_name":"Vocal in Need","article_published_time":"2019-12-20T11:13:09+00:00","article_modified_time":"2020-01-20T11:40:36+00:00","og_image":[{"width":1024,"height":683,"url":"https:\/\/vocal.erasmus.site\/wp-content\/uploads\/2020\/01\/IMG_4983-1024x683.jpg","type":"image\/jpeg"}],"author":"admin","twitter_card":"summary_large_image","twitter_misc":{"Yazan:":"admin","Tahmini okuma s\u00fcresi":"4 dakika"},"schema":{"@context":"https:\/\/schema.org","@graph":[{"@type":"Article","@id":"https:\/\/vocal.erasmus.site\/news\/4th-transnational-meeting\/#article","isPartOf":{"@id":"https:\/\/vocal.erasmus.site\/news\/4th-transnational-meeting\/"},"author":{"name":"admin","@id":"https:\/\/vocal.erasmus.site\/#\/schema\/person\/85ffe4958a85203fdb9df909efde7c34"},"headline":"4. Uluslararas\u0131 Toplant\u0131","datePublished":"2019-12-20T11:13:09+00:00","dateModified":"2020-01-20T11:40:36+00:00","mainEntityOfPage":{"@id":"https:\/\/vocal.erasmus.site\/news\/4th-transnational-meeting\/"},"wordCount":865,"publisher":{"@id":"https:\/\/vocal.erasmus.site\/#organization"},"image":{"@id":"https:\/\/vocal.erasmus.site\/news\/4th-transnational-meeting\/#primaryimage"},"thumbnailUrl":"https:\/\/i0.wp.com\/vocal.erasmus.site\/wp-content\/uploads\/2020\/01\/IMG_4983.jpg?fit=6000%2C4000&ssl=1","articleSection":["news"],"inLanguage":"tr"},{"@type":"WebPage","@id":"https:\/\/vocal.erasmus.site\/news\/4th-transnational-meeting\/","url":"https:\/\/vocal.erasmus.site\/news\/4th-transnational-meeting\/","name":"4. Uluslararas\u0131 Toplant\u0131 - Vocal in Need","isPartOf":{"@id":"https:\/\/vocal.erasmus.site\/#website"},"primaryImageOfPage":{"@id":"https:\/\/vocal.erasmus.site\/news\/4th-transnational-meeting\/#primaryimage"},"image":{"@id":"https:\/\/vocal.erasmus.site\/news\/4th-transnational-meeting\/#primaryimage"},"thumbnailUrl":"https:\/\/i0.wp.com\/vocal.erasmus.site\/wp-content\/uploads\/2020\/01\/IMG_4983.jpg?fit=6000%2C4000&ssl=1","datePublished":"2019-12-20T11:13:09+00:00","dateModified":"2020-01-20T11:40:36+00:00","breadcrumb":{"@id":"https:\/\/vocal.erasmus.site\/news\/4th-transnational-meeting\/#breadcrumb"},"inLanguage":"tr","potentialAction":[{"@type":"ReadAction","target":["https:\/\/vocal.erasmus.site\/news\/4th-transnational-meeting\/"]}]},{"@type":"ImageObject","inLanguage":"tr","@id":"https:\/\/vocal.erasmus.site\/news\/4th-transnational-meeting\/#primaryimage","url":"https:\/\/i0.wp.com\/vocal.erasmus.site\/wp-content\/uploads\/2020\/01\/IMG_4983.jpg?fit=6000%2C4000&ssl=1","contentUrl":"https:\/\/i0.wp.com\/vocal.erasmus.site\/wp-content\/uploads\/2020\/01\/IMG_4983.jpg?fit=6000%2C4000&ssl=1","width":6000,"height":4000},{"@type":"BreadcrumbList","@id":"https:\/\/vocal.erasmus.site\/news\/4th-transnational-meeting\/#breadcrumb","itemListElement":[{"@type":"ListItem","position":1,"name":"Home","item":"https:\/\/vocal.erasmus.site\/"},{"@type":"ListItem","position":2,"name":"4th transnational meeting"}]},{"@type":"WebSite","@id":"https:\/\/vocal.erasmus.site\/#website","url":"https:\/\/vocal.erasmus.site\/","name":"Vocal in Need","description":"","publisher":{"@id":"https:\/\/vocal.erasmus.site\/#organization"},"potentialAction":[{"@type":"SearchAction","target":{"@type":"EntryPoint","urlTemplate":"https:\/\/vocal.erasmus.site\/?s={search_term_string}"},"query-input":{"@type":"PropertyValueSpecification","valueRequired":true,"valueName":"search_term_string"}}],"inLanguage":"tr"},{"@type":"Organization","@id":"https:\/\/vocal.erasmus.site\/#organization","name":"Vocal in Need","url":"https:\/\/vocal.erasmus.site\/","logo":{"@type":"ImageObject","inLanguage":"tr","@id":"https:\/\/vocal.erasmus.site\/#\/schema\/logo\/image\/","url":"https:\/\/i0.wp.com\/vocal.erasmus.site\/wp-content\/uploads\/2018\/03\/LOGO_FINAL-300x75.png?fit=300%2C75&ssl=1","contentUrl":"https:\/\/i0.wp.com\/vocal.erasmus.site\/wp-content\/uploads\/2018\/03\/LOGO_FINAL-300x75.png?fit=300%2C75&ssl=1","width":300,"height":75,"caption":"Vocal in Need"},"image":{"@id":"https:\/\/vocal.erasmus.site\/#\/schema\/logo\/image\/"}},{"@type":"Person","@id":"https:\/\/vocal.erasmus.site\/#\/schema\/person\/85ffe4958a85203fdb9df909efde7c34","name":"admin","image":{"@type":"ImageObject","inLanguage":"tr","@id":"https:\/\/secure.gravatar.com\/avatar\/c24bfdd45307cf22a3472c1da6949f775fd809231767deebce537dda381c81f0?s=96&d=mm&r=g","url":"https:\/\/secure.gravatar.com\/avatar\/c24bfdd45307cf22a3472c1da6949f775fd809231767deebce537dda381c81f0?s=96&d=mm&r=g","contentUrl":"https:\/\/secure.gravatar.com\/avatar\/c24bfdd45307cf22a3472c1da6949f775fd809231767deebce537dda381c81f0?s=96&d=mm&r=g","caption":"admin"},"url":"https:\/\/vocal.erasmus.site\/tr\/author\/admin\/"}]}},"jetpack_publicize_connections":[],"jetpack_featured_media_url":"https:\/\/i0.wp.com\/vocal.erasmus.site\/wp-content\/uploads\/2020\/01\/IMG_4983.jpg?fit=6000%2C4000&ssl=1","jetpack_sharing_enabled":true,"jetpack_shortlink":"https:\/\/wp.me\/p9PcbK-kC","jetpack-related-posts":[],"_links":{"self":[{"href":"https:\/\/vocal.erasmus.site\/tr\/wp-json\/wp\/v2\/posts\/1278","targetHints":{"allow":["GET"]}}],"collection":[{"href":"https:\/\/vocal.erasmus.site\/tr\/wp-json\/wp\/v2\/posts"}],"about":[{"href":"https:\/\/vocal.erasmus.site\/tr\/wp-json\/wp\/v2\/types\/post"}],"author":[{"embeddable":true,"href":"https:\/\/vocal.erasmus.site\/tr\/wp-json\/wp\/v2\/users\/2"}],"replies":[{"embeddable":true,"href":"https:\/\/vocal.erasmus.site\/tr\/wp-json\/wp\/v2\/comments?post=1278"}],"version-history":[{"count":2,"href":"https:\/\/vocal.erasmus.site\/tr\/wp-json\/wp\/v2\/posts\/1278\/revisions"}],"predecessor-version":[{"id":1280,"href":"https:\/\/vocal.erasmus.site\/tr\/wp-json\/wp\/v2\/posts\/1278\/revisions\/1280"}],"wp:featuredmedia":[{"embeddable":true,"href":"https:\/\/vocal.erasmus.site\/tr\/wp-json\/wp\/v2\/media\/1281"}],"wp:attachment":[{"href":"https:\/\/vocal.erasmus.site\/tr\/wp-json\/wp\/v2\/media?parent=1278"}],"wp:term":[{"taxonomy":"category","embeddable":true,"href":"https:\/\/vocal.erasmus.site\/tr\/wp-json\/wp\/v2\/categories?post=1278"},{"taxonomy":"post_tag","embeddable":true,"href":"https:\/\/vocal.erasmus.site\/tr\/wp-json\/wp\/v2\/tags?post=1278"}],"curies":[{"name":"wp","href":"https:\/\/api.w.org\/{rel}","templated":true}]}}