{"id":795,"date":"2019-05-15T16:25:59","date_gmt":"2019-05-15T16:25:59","guid":{"rendered":"https:\/\/vocal.erasmus.site\/?p=795"},"modified":"2020-01-02T12:55:46","modified_gmt":"2020-01-02T12:55:46","slug":"2-4-prejudices-and-stereotypes","status":"publish","type":"post","link":"https:\/\/vocal.erasmus.site\/tr\/modules\/module-5\/2-4-prejudices-and-stereotypes\/","title":{"rendered":"2.4. \u00d6n yarg\u0131lar ve kli\u015feler"},"content":{"rendered":"<p><\/p>\n<h3>\u00d6nyarg\u0131lar ve Kli\u015feler<\/h3>\n<p>Kendinize bir dakika verin ve Afrikal\u0131 ya da Asyal\u0131 birini ve size neyi \u00e7a\u011fr\u0131\u015ft\u0131rd\u0131\u011f\u0131n\u0131 d\u00fc\u015f\u00fcn\u00fcn. Size \u00e7a\u011fr\u0131\u015ft\u0131rd\u0131klar\u0131 \u015feyler \u201ckli\u015feler\u201d olarak bilinir.<\/p>\n<p>Kaynaklar, kli\u015felerin ne olumlu ne de olumsuz oldu\u011funu fakat kendi uyum sistemimiz i\u00e7in kullan\u0131\u015fl\u0131 bir ara\u00e7 oldu\u011funu s\u00f6ylemektedir. Alg\u0131lad\u0131klar\u0131m\u0131z\u0131 sadele\u015ftirerek ve d\u00fc\u015f\u00fcnsel kategoriler sa\u011flayarak bili\u015fsel s\u00fcrecimizi kolayla\u015ft\u0131r\u0131rlar. Bu ba\u011flamda bir kli\u015fe, de\u011ferlerin tarafs\u0131z de\u011ferlendirilmesini sa\u011flar.<\/p>\n<p>Bir di\u011fer yandan \u00f6nyarg\u0131 (s\u0131kl\u0131kla) bir ki\u015fi, grup, \u00fclke vb hakk\u0131nda yap\u0131lan olumsuz de\u011ferlendirmedir ve (genellikle) olumsuz duygular i\u00e7erir (Mast &amp; Schmid Mast 2007). L\u00fctfen, ayr\u0131ca olumlu \u00f6n yarg\u0131lar\u0131n oldu\u011funu da g\u00f6z \u00f6n\u00fcnde bulundurun ancak bunlar kritik durumlara daha az sebep olurlar.<\/p>\n<p>Kli\u015felerden ve \u00f6nyarg\u0131lardan ka\u00e7\u0131nmak i\u00e7in<\/p>\n<ul>\n<li>Bunlar\u0131n fark\u0131nda olmay\u0131 \u00f6\u011frenmeli<\/li>\n<li>Tarafs\u0131z bir \u015fekilde k\u00fclt\u00fcrler aras\u0131 bir durumu analiz ederek her ikisinin de \u00f6n\u00fcne ge\u00e7ebilmeliyiz.<\/li>\n<\/ul>\n<p>(Bkz. Durumu ayn\u0131 \u015fekilde tan\u0131mlayan Mast and Schmid Mast, 2007)<\/p>","protected":false},"excerpt":{"rendered":"<p>\u00d6nyarg\u0131lar ve Kli\u015feler Kendinize bir dakika verin ve Afrikal\u0131 ya da Asyal\u0131 birini ve size neyi \u00e7a\u011fr\u0131\u015ft\u0131rd\u0131\u011f\u0131n\u0131 d\u00fc\u015f\u00fcn\u00fcn. Size \u00e7a\u011fr\u0131\u015ft\u0131rd\u0131klar\u0131 \u015feyler \u201ckli\u015feler\u201d olarak bilinir. Kaynaklar, kli\u015felerin ne olumlu ne de olumsuz oldu\u011funu fakat kendi uyum sistemimiz i\u00e7in kullan\u0131\u015fl\u0131 bir ara\u00e7 oldu\u011funu s\u00f6ylemektedir. Alg\u0131lad\u0131klar\u0131m\u0131z\u0131 sadele\u015ftirerek ve d\u00fc\u015f\u00fcnsel kategoriler sa\u011flayarak bili\u015fsel s\u00fcrecimizi kolayla\u015ft\u0131r\u0131rlar. Bu ba\u011flamda bir kli\u015fe, [&hellip;]<\/p>\n","protected":false},"author":2,"featured_media":0,"comment_status":"closed","ping_status":"open","sticky":false,"template":"","format":"standard","meta":{"jetpack_post_was_ever_published":false,"_jetpack_newsletter_access":"","_jetpack_dont_email_post_to_subs":false,"_jetpack_newsletter_tier_id":0,"_jetpack_memberships_contains_paywalled_content":false,"_jetpack_memberships_contains_paid_content":false,"footnotes":"","jetpack_publicize_message":"","jetpack_publicize_feature_enabled":true,"jetpack_social_post_already_shared":false,"jetpack_social_options":{"image_generator_settings":{"template":"highway","default_image_id":0,"font":"","enabled":false},"version":2}},"categories":[11],"tags":[20],"class_list":["post-795","post","type-post","status-publish","format-standard","hentry","category-module-5","tag-content"],"yoast_head":"<!-- This site is optimized with the Yoast SEO plugin v27.4 - https:\/\/yoast.com\/product\/yoast-seo-wordpress\/ -->\n<title>2.4. \u00d6n yarg\u0131lar ve kli\u015feler - Vocal in Need<\/title>\n<meta name=\"robots\" content=\"index, follow, max-snippet:-1, max-image-preview:large, max-video-preview:-1\" \/>\n<link rel=\"canonical\" href=\"https:\/\/vocal.erasmus.site\/tr\/modules\/module-5\/2-4-prejudices-and-stereotypes\/\" \/>\n<meta property=\"og:locale\" content=\"tr_TR\" \/>\n<meta property=\"og:type\" content=\"article\" \/>\n<meta property=\"og:title\" content=\"2.4. \u00d6n yarg\u0131lar ve kli\u015feler - Vocal in Need\" \/>\n<meta property=\"og:description\" content=\"\u00d6nyarg\u0131lar ve Kli\u015feler Kendinize bir dakika verin ve Afrikal\u0131 ya da Asyal\u0131 birini ve size neyi \u00e7a\u011fr\u0131\u015ft\u0131rd\u0131\u011f\u0131n\u0131 d\u00fc\u015f\u00fcn\u00fcn. Size \u00e7a\u011fr\u0131\u015ft\u0131rd\u0131klar\u0131 \u015feyler \u201ckli\u015feler\u201d olarak bilinir. Kaynaklar, kli\u015felerin ne olumlu ne de olumsuz oldu\u011funu fakat kendi uyum sistemimiz i\u00e7in kullan\u0131\u015fl\u0131 bir ara\u00e7 oldu\u011funu s\u00f6ylemektedir. Alg\u0131lad\u0131klar\u0131m\u0131z\u0131 sadele\u015ftirerek ve d\u00fc\u015f\u00fcnsel kategoriler sa\u011flayarak bili\u015fsel s\u00fcrecimizi kolayla\u015ft\u0131r\u0131rlar. Bu ba\u011flamda bir kli\u015fe, [&hellip;]\" \/>\n<meta property=\"og:url\" content=\"https:\/\/vocal.erasmus.site\/tr\/modules\/module-5\/2-4-prejudices-and-stereotypes\/\" \/>\n<meta property=\"og:site_name\" content=\"Vocal in Need\" \/>\n<meta property=\"article:published_time\" content=\"2019-05-15T16:25:59+00:00\" \/>\n<meta property=\"article:modified_time\" content=\"2020-01-02T12:55:46+00:00\" \/>\n<meta name=\"author\" content=\"admin\" \/>\n<meta name=\"twitter:card\" content=\"summary_large_image\" \/>\n<meta name=\"twitter:label1\" content=\"Yazan:\" \/>\n\t<meta name=\"twitter:data1\" content=\"admin\" \/>\n\t<meta name=\"twitter:label2\" content=\"Tahmini okuma s\u00fcresi\" \/>\n\t<meta name=\"twitter:data2\" content=\"5 dakika\" \/>\n<script type=\"application\/ld+json\" class=\"yoast-schema-graph\">{\"@context\":\"https:\\\/\\\/schema.org\",\"@graph\":[{\"@type\":\"Article\",\"@id\":\"https:\\\/\\\/vocal.erasmus.site\\\/tr\\\/modules\\\/module-5\\\/2-4-prejudices-and-stereotypes\\\/#article\",\"isPartOf\":{\"@id\":\"https:\\\/\\\/vocal.erasmus.site\\\/tr\\\/modules\\\/module-5\\\/2-4-prejudices-and-stereotypes\\\/\"},\"author\":{\"name\":\"admin\",\"@id\":\"https:\\\/\\\/vocal.erasmus.site\\\/#\\\/schema\\\/person\\\/85ffe4958a85203fdb9df909efde7c34\"},\"headline\":\"2.4. \u00d6n yarg\u0131lar ve kli\u015feler\",\"datePublished\":\"2019-05-15T16:25:59+00:00\",\"dateModified\":\"2020-01-02T12:55:46+00:00\",\"mainEntityOfPage\":{\"@id\":\"https:\\\/\\\/vocal.erasmus.site\\\/tr\\\/modules\\\/module-5\\\/2-4-prejudices-and-stereotypes\\\/\"},\"wordCount\":1933,\"publisher\":{\"@id\":\"https:\\\/\\\/vocal.erasmus.site\\\/#organization\"},\"keywords\":[\"content\"],\"articleSection\":[\"Mod\u00fcl 5 \\\"K\u00fclt\u00fcrler aras\u0131 Fark\u0131ndal\u0131k\\\"\"],\"inLanguage\":\"tr\"},{\"@type\":\"WebPage\",\"@id\":\"https:\\\/\\\/vocal.erasmus.site\\\/tr\\\/modules\\\/module-5\\\/2-4-prejudices-and-stereotypes\\\/\",\"url\":\"https:\\\/\\\/vocal.erasmus.site\\\/tr\\\/modules\\\/module-5\\\/2-4-prejudices-and-stereotypes\\\/\",\"name\":\"2.4. \u00d6n yarg\u0131lar ve kli\u015feler - Vocal in Need\",\"isPartOf\":{\"@id\":\"https:\\\/\\\/vocal.erasmus.site\\\/#website\"},\"datePublished\":\"2019-05-15T16:25:59+00:00\",\"dateModified\":\"2020-01-02T12:55:46+00:00\",\"breadcrumb\":{\"@id\":\"https:\\\/\\\/vocal.erasmus.site\\\/tr\\\/modules\\\/module-5\\\/2-4-prejudices-and-stereotypes\\\/#breadcrumb\"},\"inLanguage\":\"tr\",\"potentialAction\":[{\"@type\":\"ReadAction\",\"target\":[\"https:\\\/\\\/vocal.erasmus.site\\\/tr\\\/modules\\\/module-5\\\/2-4-prejudices-and-stereotypes\\\/\"]}]},{\"@type\":\"BreadcrumbList\",\"@id\":\"https:\\\/\\\/vocal.erasmus.site\\\/tr\\\/modules\\\/module-5\\\/2-4-prejudices-and-stereotypes\\\/#breadcrumb\",\"itemListElement\":[{\"@type\":\"ListItem\",\"position\":1,\"name\":\"Home\",\"item\":\"https:\\\/\\\/vocal.erasmus.site\\\/\"},{\"@type\":\"ListItem\",\"position\":2,\"name\":\"2.4. \u00d6n yarg\u0131lar ve kli\u015feler\"}]},{\"@type\":\"WebSite\",\"@id\":\"https:\\\/\\\/vocal.erasmus.site\\\/#website\",\"url\":\"https:\\\/\\\/vocal.erasmus.site\\\/\",\"name\":\"Vocal in Need\",\"description\":\"\",\"publisher\":{\"@id\":\"https:\\\/\\\/vocal.erasmus.site\\\/#organization\"},\"potentialAction\":[{\"@type\":\"SearchAction\",\"target\":{\"@type\":\"EntryPoint\",\"urlTemplate\":\"https:\\\/\\\/vocal.erasmus.site\\\/?s={search_term_string}\"},\"query-input\":{\"@type\":\"PropertyValueSpecification\",\"valueRequired\":true,\"valueName\":\"search_term_string\"}}],\"inLanguage\":\"tr\"},{\"@type\":\"Organization\",\"@id\":\"https:\\\/\\\/vocal.erasmus.site\\\/#organization\",\"name\":\"Vocal in Need\",\"url\":\"https:\\\/\\\/vocal.erasmus.site\\\/\",\"logo\":{\"@type\":\"ImageObject\",\"inLanguage\":\"tr\",\"@id\":\"https:\\\/\\\/vocal.erasmus.site\\\/#\\\/schema\\\/logo\\\/image\\\/\",\"url\":\"https:\\\/\\\/i0.wp.com\\\/vocal.erasmus.site\\\/wp-content\\\/uploads\\\/2018\\\/03\\\/LOGO_FINAL-300x75.png?fit=300%2C75&ssl=1\",\"contentUrl\":\"https:\\\/\\\/i0.wp.com\\\/vocal.erasmus.site\\\/wp-content\\\/uploads\\\/2018\\\/03\\\/LOGO_FINAL-300x75.png?fit=300%2C75&ssl=1\",\"width\":300,\"height\":75,\"caption\":\"Vocal in Need\"},\"image\":{\"@id\":\"https:\\\/\\\/vocal.erasmus.site\\\/#\\\/schema\\\/logo\\\/image\\\/\"}},{\"@type\":\"Person\",\"@id\":\"https:\\\/\\\/vocal.erasmus.site\\\/#\\\/schema\\\/person\\\/85ffe4958a85203fdb9df909efde7c34\",\"name\":\"admin\",\"image\":{\"@type\":\"ImageObject\",\"inLanguage\":\"tr\",\"@id\":\"https:\\\/\\\/secure.gravatar.com\\\/avatar\\\/c24bfdd45307cf22a3472c1da6949f775fd809231767deebce537dda381c81f0?s=96&d=mm&r=g\",\"url\":\"https:\\\/\\\/secure.gravatar.com\\\/avatar\\\/c24bfdd45307cf22a3472c1da6949f775fd809231767deebce537dda381c81f0?s=96&d=mm&r=g\",\"contentUrl\":\"https:\\\/\\\/secure.gravatar.com\\\/avatar\\\/c24bfdd45307cf22a3472c1da6949f775fd809231767deebce537dda381c81f0?s=96&d=mm&r=g\",\"caption\":\"admin\"},\"url\":\"https:\\\/\\\/vocal.erasmus.site\\\/tr\\\/author\\\/admin\\\/\"}]}<\/script>\n<!-- \/ Yoast SEO plugin. -->","yoast_head_json":{"title":"2.4. \u00d6n yarg\u0131lar ve kli\u015feler - Vocal in Need","robots":{"index":"index","follow":"follow","max-snippet":"max-snippet:-1","max-image-preview":"max-image-preview:large","max-video-preview":"max-video-preview:-1"},"canonical":"https:\/\/vocal.erasmus.site\/tr\/modules\/module-5\/2-4-prejudices-and-stereotypes\/","og_locale":"tr_TR","og_type":"article","og_title":"2.4. \u00d6n yarg\u0131lar ve kli\u015feler - Vocal in Need","og_description":"\u00d6nyarg\u0131lar ve Kli\u015feler Kendinize bir dakika verin ve Afrikal\u0131 ya da Asyal\u0131 birini ve size neyi \u00e7a\u011fr\u0131\u015ft\u0131rd\u0131\u011f\u0131n\u0131 d\u00fc\u015f\u00fcn\u00fcn. Size \u00e7a\u011fr\u0131\u015ft\u0131rd\u0131klar\u0131 \u015feyler \u201ckli\u015feler\u201d olarak bilinir. Kaynaklar, kli\u015felerin ne olumlu ne de olumsuz oldu\u011funu fakat kendi uyum sistemimiz i\u00e7in kullan\u0131\u015fl\u0131 bir ara\u00e7 oldu\u011funu s\u00f6ylemektedir. Alg\u0131lad\u0131klar\u0131m\u0131z\u0131 sadele\u015ftirerek ve d\u00fc\u015f\u00fcnsel kategoriler sa\u011flayarak bili\u015fsel s\u00fcrecimizi kolayla\u015ft\u0131r\u0131rlar. Bu ba\u011flamda bir kli\u015fe, [&hellip;]","og_url":"https:\/\/vocal.erasmus.site\/tr\/modules\/module-5\/2-4-prejudices-and-stereotypes\/","og_site_name":"Vocal in Need","article_published_time":"2019-05-15T16:25:59+00:00","article_modified_time":"2020-01-02T12:55:46+00:00","author":"admin","twitter_card":"summary_large_image","twitter_misc":{"Yazan:":"admin","Tahmini okuma s\u00fcresi":"5 dakika"},"schema":{"@context":"https:\/\/schema.org","@graph":[{"@type":"Article","@id":"https:\/\/vocal.erasmus.site\/tr\/modules\/module-5\/2-4-prejudices-and-stereotypes\/#article","isPartOf":{"@id":"https:\/\/vocal.erasmus.site\/tr\/modules\/module-5\/2-4-prejudices-and-stereotypes\/"},"author":{"name":"admin","@id":"https:\/\/vocal.erasmus.site\/#\/schema\/person\/85ffe4958a85203fdb9df909efde7c34"},"headline":"2.4. \u00d6n yarg\u0131lar ve kli\u015feler","datePublished":"2019-05-15T16:25:59+00:00","dateModified":"2020-01-02T12:55:46+00:00","mainEntityOfPage":{"@id":"https:\/\/vocal.erasmus.site\/tr\/modules\/module-5\/2-4-prejudices-and-stereotypes\/"},"wordCount":1933,"publisher":{"@id":"https:\/\/vocal.erasmus.site\/#organization"},"keywords":["content"],"articleSection":["Mod\u00fcl 5 \"K\u00fclt\u00fcrler aras\u0131 Fark\u0131ndal\u0131k\""],"inLanguage":"tr"},{"@type":"WebPage","@id":"https:\/\/vocal.erasmus.site\/tr\/modules\/module-5\/2-4-prejudices-and-stereotypes\/","url":"https:\/\/vocal.erasmus.site\/tr\/modules\/module-5\/2-4-prejudices-and-stereotypes\/","name":"2.4. \u00d6n yarg\u0131lar ve kli\u015feler - Vocal in Need","isPartOf":{"@id":"https:\/\/vocal.erasmus.site\/#website"},"datePublished":"2019-05-15T16:25:59+00:00","dateModified":"2020-01-02T12:55:46+00:00","breadcrumb":{"@id":"https:\/\/vocal.erasmus.site\/tr\/modules\/module-5\/2-4-prejudices-and-stereotypes\/#breadcrumb"},"inLanguage":"tr","potentialAction":[{"@type":"ReadAction","target":["https:\/\/vocal.erasmus.site\/tr\/modules\/module-5\/2-4-prejudices-and-stereotypes\/"]}]},{"@type":"BreadcrumbList","@id":"https:\/\/vocal.erasmus.site\/tr\/modules\/module-5\/2-4-prejudices-and-stereotypes\/#breadcrumb","itemListElement":[{"@type":"ListItem","position":1,"name":"Home","item":"https:\/\/vocal.erasmus.site\/"},{"@type":"ListItem","position":2,"name":"2.4. \u00d6n yarg\u0131lar ve kli\u015feler"}]},{"@type":"WebSite","@id":"https:\/\/vocal.erasmus.site\/#website","url":"https:\/\/vocal.erasmus.site\/","name":"Vocal in Need","description":"","publisher":{"@id":"https:\/\/vocal.erasmus.site\/#organization"},"potentialAction":[{"@type":"SearchAction","target":{"@type":"EntryPoint","urlTemplate":"https:\/\/vocal.erasmus.site\/?s={search_term_string}"},"query-input":{"@type":"PropertyValueSpecification","valueRequired":true,"valueName":"search_term_string"}}],"inLanguage":"tr"},{"@type":"Organization","@id":"https:\/\/vocal.erasmus.site\/#organization","name":"Vocal in Need","url":"https:\/\/vocal.erasmus.site\/","logo":{"@type":"ImageObject","inLanguage":"tr","@id":"https:\/\/vocal.erasmus.site\/#\/schema\/logo\/image\/","url":"https:\/\/i0.wp.com\/vocal.erasmus.site\/wp-content\/uploads\/2018\/03\/LOGO_FINAL-300x75.png?fit=300%2C75&ssl=1","contentUrl":"https:\/\/i0.wp.com\/vocal.erasmus.site\/wp-content\/uploads\/2018\/03\/LOGO_FINAL-300x75.png?fit=300%2C75&ssl=1","width":300,"height":75,"caption":"Vocal in Need"},"image":{"@id":"https:\/\/vocal.erasmus.site\/#\/schema\/logo\/image\/"}},{"@type":"Person","@id":"https:\/\/vocal.erasmus.site\/#\/schema\/person\/85ffe4958a85203fdb9df909efde7c34","name":"admin","image":{"@type":"ImageObject","inLanguage":"tr","@id":"https:\/\/secure.gravatar.com\/avatar\/c24bfdd45307cf22a3472c1da6949f775fd809231767deebce537dda381c81f0?s=96&d=mm&r=g","url":"https:\/\/secure.gravatar.com\/avatar\/c24bfdd45307cf22a3472c1da6949f775fd809231767deebce537dda381c81f0?s=96&d=mm&r=g","contentUrl":"https:\/\/secure.gravatar.com\/avatar\/c24bfdd45307cf22a3472c1da6949f775fd809231767deebce537dda381c81f0?s=96&d=mm&r=g","caption":"admin"},"url":"https:\/\/vocal.erasmus.site\/tr\/author\/admin\/"}]}},"jetpack_publicize_connections":[],"jetpack_featured_media_url":"","jetpack_sharing_enabled":true,"jetpack_shortlink":"https:\/\/wp.me\/p9PcbK-cP","jetpack-related-posts":[],"_links":{"self":[{"href":"https:\/\/vocal.erasmus.site\/tr\/wp-json\/wp\/v2\/posts\/795","targetHints":{"allow":["GET"]}}],"collection":[{"href":"https:\/\/vocal.erasmus.site\/tr\/wp-json\/wp\/v2\/posts"}],"about":[{"href":"https:\/\/vocal.erasmus.site\/tr\/wp-json\/wp\/v2\/types\/post"}],"author":[{"embeddable":true,"href":"https:\/\/vocal.erasmus.site\/tr\/wp-json\/wp\/v2\/users\/2"}],"replies":[{"embeddable":true,"href":"https:\/\/vocal.erasmus.site\/tr\/wp-json\/wp\/v2\/comments?post=795"}],"version-history":[{"count":9,"href":"https:\/\/vocal.erasmus.site\/tr\/wp-json\/wp\/v2\/posts\/795\/revisions"}],"predecessor-version":[{"id":1134,"href":"https:\/\/vocal.erasmus.site\/tr\/wp-json\/wp\/v2\/posts\/795\/revisions\/1134"}],"wp:attachment":[{"href":"https:\/\/vocal.erasmus.site\/tr\/wp-json\/wp\/v2\/media?parent=795"}],"wp:term":[{"taxonomy":"category","embeddable":true,"href":"https:\/\/vocal.erasmus.site\/tr\/wp-json\/wp\/v2\/categories?post=795"},{"taxonomy":"post_tag","embeddable":true,"href":"https:\/\/vocal.erasmus.site\/tr\/wp-json\/wp\/v2\/tags?post=795"}],"curies":[{"name":"wp","href":"https:\/\/api.w.org\/{rel}","templated":true}]}}