{"id":797,"date":"2019-05-15T16:26:00","date_gmt":"2019-05-15T16:26:00","guid":{"rendered":"https:\/\/vocal.erasmus.site\/?p=797"},"modified":"2020-10-13T09:46:33","modified_gmt":"2020-10-13T09:46:33","slug":"2-5-dimensions-of-culture","status":"publish","type":"post","link":"https:\/\/vocal.erasmus.site\/tr\/modules\/module-5\/2-5-dimensions-of-culture\/","title":{"rendered":"2.5. K\u00fclt\u00fcr\u00fcn boyutlar\u0131"},"content":{"rendered":"<p><\/p>\n<h3>K\u00fclt\u00fcr\u00fcn Boyutlar\u0131<\/h3>\n<p>Kararlar\u0131n\u0131z\u0131 i\u015f arkada\u015flar\u0131n\u0131za nas\u0131l iletti\u011finizi ya da bir aileye s\u0131n\u0131r d\u0131\u015f\u0131 edilece\u011fini nas\u0131l s\u00f6yleyece\u011finizi d\u00fc\u015f\u00fcnmek i\u00e7in kendinize bir dakika verin. Sizinle ayn\u0131 g\u00f6reve sahip farkl\u0131 k\u00fclt\u00fcrden birisinin bunu sizin s\u00f6yledi\u011finiz gibi s\u00f6ylemesini bekler misiniz?<\/p>\n<p>B\u00fcy\u00fck ihtimalle hay\u0131r diyeceksiniz. Ancak toplum \u00fcyelerinin belli bir durumda nas\u0131l davran\u0131p nas\u0131l tepki verece\u011fini nas\u0131l ay\u0131rt edebiliriz?<\/p>\n<p>\u0130htimallerden biri k\u00fclt\u00fcr\u00fcn boyutlar\u0131 \u00fczerine \u00e7al\u0131\u015fmakt\u0131r. K\u00fclt\u00fcr\u00fcn boyutlar\u0131 b\u00fct\u00fcn k\u00fclt\u00fcrlerde ortak insan davran\u0131\u015f\u0131n\u0131n evrensel kategorilerinin oldu\u011funu ancak belirli sorunlar i\u00e7in \u00e7\u00f6z\u00fcm bulmak s\u00f6z konusu oldu\u011funda k\u00fclt\u00fcrlerin kendine \u00f6zg\u00fc tepkiler koyduklar\u0131 varsay\u0131m\u0131na dayan\u0131r (Layes, 2005; Thomas, 2010)<\/p>\n<p>K\u00fclt\u00fcr\u00fcn boyutlar\u0131, ulusal k\u00fclt\u00fcrel davran\u0131\u015flar\u0131 s\u0131n\u0131fland\u0131rma ve g\u00f6zlem yapma \u015fans\u0131 sunar ve bu genel bir anlay\u0131\u015f kazanmak i\u00e7in faydal\u0131d\u0131r. Bize ilgin\u00e7 gelebilecek davran\u0131\u015flara d\u00fc\u015f\u00fcnce temeli olu\u015fturmaktad\u0131r.<\/p>\n<p>Bir k\u00fclt\u00fcre ait insanlar\u0131n b\u00fct\u00fcn k\u00fclt\u00fcrlerin kar\u015f\u0131la\u015fabilece\u011fi a\u015fa\u011f\u0131daki sorunlarla ba\u015fa \u00e7\u0131kmak i\u00e7in kulland\u0131klar\u0131 farkl\u0131 y\u00f6ntemleri tan\u0131mlamay\u0131 ve tasvir etmeyi hedefleyen \u00e7e\u015fitli k\u00fclt\u00fcr boyutlar\u0131 geli\u015ftirilmi\u015ftir. Burada tan\u0131t\u0131lan k\u00fclt\u00fcrel boyutlar bunlar\u0131 geli\u015ftiren en \u00fcnl\u00fc ki\u015filerin eserlerinden al\u0131nm\u0131\u015ft\u0131r. Geert Hofstede, Fons Trompenaars, Edward T. Hall ve the Globe Study.<\/p>\n<p>&nbsp;<\/p>\n<p><strong>Uyar\u0131:<\/strong> Tabi ki birisi \u2018\u00f6zg\u00fcn\u2019 davran\u0131\u015flar\u0131 a\u00e7\u0131klamaya \u00e7al\u0131\u015f\u0131rken kli\u015fele\u015ftirme riski vard\u0131r. Fakat unutulmamal\u0131 ki k\u00fclt\u00fcrel boyutlar belli bir k\u00fclt\u00fcre ait insanlar\u0131n \u00e7o\u011fu i\u00e7in normal ve g\u00f6zlemlenebilir \u015feylere dayanan bilin\u00e7siz y\u00f6nelimlerdir. Ba\u015fka bir k\u00fclt\u00fcre kendi k\u00fclt\u00fcrel bak\u0131\u015f a\u00e7\u0131m\u0131zdan de\u011fil, yarg\u0131lar\u0131m\u0131z\u0131 bir kenara b\u0131rakarak ve tarafs\u0131z bir \u015fekilde g\u00f6zlem yaparak yakla\u015f\u0131lmas\u0131 gerekti\u011fini hat\u0131rlamak \u00f6nemlidir.<\/p>\n<p>&nbsp;<\/p>\n<p><strong>G\u00fc\u00e7 Mesafesi<\/strong><\/p>\n<p>Sivil toplum \u00f6rg\u00fctlerinde ya da emniyet g\u00fc\u00e7lerinde hiyerar\u015fik yap\u0131lara al\u0131\u015f\u0131k m\u0131s\u0131n\u0131z? \u0130\u015f arkada\u015flar\u0131n\u0131za hitap etti\u011finiz gibi patronunuza da ayn\u0131 \u015fekilde hitap edebilir misiniz?<\/p>\n<p>Bu boyut sosyal ili\u015fkilerde dengesiz g\u00fcc\u00fcn herhangi bir k\u00fclt\u00fcrden gelen insanlar taraf\u0131nda ne derece kabul edildi\u011fi ile ilgilidir. Y\u00fcksek g\u00fc\u00e7 mesafesine sahip k\u00fclt\u00fcrlerde g\u00fc\u00e7l\u00fc ve g\u00fc\u00e7s\u00fcz aras\u0131ndaki b\u00fcy\u00fck fark sorun te\u015fkil etmeyen ve beklenilen bir \u015fey olarak g\u00f6r\u00fcl\u00fcr. Bu durum benimsenmesi g\u00fc\u00e7 karma\u015f\u0131k hiyerar\u015filere sebep olur.<\/p>\n<p>D\u00fc\u015f\u00fck g\u00fc\u00e7 mesafesine sahip k\u00fclt\u00fcrlerde, g\u00fc\u00e7 da\u011f\u0131l\u0131m\u0131ndaki belirgin farklar \u00e7ok fazla sorun te\u015fkil eden bir durum olarak g\u00f6r\u00fcl\u00fcr ve buna kar\u015f\u0131 g\u00fc\u00e7l\u00fc bir \u015fekilde m\u00fccadele edilir. Sonu\u00e7 olarak bu durum kabullenmesi kolay daha d\u00fcz hiyerar\u015filere sebep olur.<\/p>\n<p>&nbsp;<\/p>\n<div class=\"q3 m5-quiz\">\n<div class=\"row\">\n<table class=\"table table-bordered\">\n<tbody>\n<tr>\n<th>D\u00fc\u015f\u00fck G\u00fc\u00e7 Mesafesi<\/th>\n<th>Y\u00fcksek G\u00fc\u00e7 Mesafesi<\/th>\n<\/tr>\n<tr>\n<td>Yass\u0131 \u00f6rg\u00fct piramidi<\/td>\n<td>Dikey \u00f6rg\u00fct piramidi<\/td>\n<\/tr>\n<tr>\n<td>\u0130sti\u015fari liderlik<\/td>\n<td>Otoriter liderlik<\/td>\n<\/tr>\n<tr>\n<td>Ast-\u00fcst ili\u015fkileri pragmatiktir.<\/td>\n<td>Ast-\u00fcst ili\u015fkisi kutupla\u015ft\u0131r\u0131lm\u0131\u015ft\u0131r.<\/td>\n<\/tr>\n<tr>\n<td>\n<div class=\"droppable-m5 ui-widget-header\" data-zone=\"1\"><\/div>\n<\/td>\n<td>\n<div class=\"droppable-m5 ui-widget-header\" data-zone=\"2\"><\/div>\n<\/td>\n<\/tr>\n<\/tbody>\n<\/table>\n<ul>\n<li class=\"draggable-m5 ui-widget-content\" data-target=\"1\">Hiyerar\u015fi yaln\u0131zca birinin patrona sahip olmas\u0131yla olu\u015fturulmu\u015ftur.<\/li>\n<li class=\"draggable-m5 ui-widget-content\" data-target=\"2\">Hiyerar\u015fi varolu\u015f\u00e7u e\u015fitsizli\u011fi yans\u0131t\u0131r.<\/li>\n<li class=\"draggable-m5 ui-widget-content\" data-target=\"1\">Y\u00f6neticiler ufak oranda etkilidir<\/li>\n<li class=\"draggable-m5 ui-widget-content\" data-target=\"2\">Y\u00f6neticiler b\u00fcy\u00fck oranda etkilidir<\/li>\n<\/ul><\/div>\n<p>    <button class=\"vin-button checkQuestion\" type=\"button\">Check<\/button><\/p>\n<\/div>\n<p>&nbsp;<\/p>\n<button type=\"button\" class=\"vin-button collapsed\" role=\"button\" data-target=\"#collapse-tr-1\" aria-expanded=\"false\" data-toggle=\"collapse\" aria-controls=\"collapse-tr-1\">\n    Vocal in Need ba\u011flam\u0131nda daha fazla bilgi i\u00e7in ba\u011flant\u0131\n  <\/button>\n        <div class=\"collapse hidden-content\" id=\"collapse-tr-1\">\n            <div><\/p>\n<p>Emniyet g\u00fc\u00e7leri gibi baz\u0131 alanlarda \u2018G\u00fc\u00e7 Mesafesi\u2019 boyutu s\u0131n\u0131flar, g\u00f6revler ve sorumluluklar\u0131n farkl\u0131l\u0131\u011f\u0131n\u0131 g\u00f6stermektedir. Ayr\u0131ca devlet kurumlar\u0131nda \u00e7al\u0131\u015fan elemanlar\u0131n m\u00fc\u015fterileri ile ili\u015fkilerini g\u00f6stermektedir. D\u00fc\u015f\u00fck g\u00fc\u00e7 mesafesine sahip \u00fclkelerin aksine, y\u00fcksek g\u00fc\u00e7 mesafesine sahip \u00fclkelerde elemanlar\u0131n daha az yard\u0131msever ve i\u015fbirli\u011fi i\u00e7inde oldu\u011fu g\u00f6zlemlenir.<\/p>\n<p>Genellikle bu boyut astlar\u0131n \u00fcstlerinden ne t\u00fcr bir beklentisi oldu\u011fu ve \u00fcstlerin bilgiyi nas\u0131l iletti\u011fi do\u011frultusunda fark edilebilir. Baz\u0131 Orta Do\u011fu \u00fclkeleri ve ayr\u0131ca Fransa ve \u0130talya gibi baz\u0131 Akdeniz \u00fclkelerinde oldu\u011fu gibi astlar \u00fcstlerinin otoriter bir tav\u0131r ile davranmas\u0131n\u0131 bekler.<\/p>\n<p>\n<\/div>\n        <\/div>\n<p>&nbsp;<\/p>\n<p><strong>Bireycilik\/Grup\u00e7uluk<\/strong><\/p>\n<p>Ailenize, arkada\u015flar\u0131n\u0131za ya da kurumlara kar\u015f\u0131 ne kadar sad\u0131ks\u0131n\u0131z?<\/p>\n<p>&nbsp;<\/p>\n<p>Bu boyut herhangi bir k\u00fclt\u00fcre ait insanlar\u0131n kendilerini ne derece grup\u00e7u bir olu\u015fum i\u00e7inde g\u00f6rd\u00fckleri ve kamu yarar\u0131na hissettikleri zorunluluklar ile ilgilidir. Grup\u00e7u k\u00fclt\u00fcrlere ait insanlar kendilerini bir grubun \u00fcyesi olarak g\u00f6r\u00fcrler ve hedeflerini gruptaki di\u011fer hedefler ile bir araya getirmeye \u00e7al\u0131\u015f\u0131rlar. Bireycilik k\u00fclt\u00fcr\u00fcne ait insanlar \u00f6ncelikle kendilerini \u00f6zg\u00fcr bir birey olarak g\u00f6r\u00fcrler ve sosyal gruplar\u0131n \u00e7\u0131karlar\u0131ndan ba\u011f\u0131ms\u0131z olarak ki\u015fisel hedeflerine ula\u015fmaya \u00e7al\u0131\u015f\u0131rlar.<\/p>\n<p>&nbsp;<\/p>\n<div class=\"q4 m5-quiz\">\n<div class=\"row\">\n<table class=\"table table-bordered\">\n<tbody>\n<tr>\n<th>Grup\u00e7uluk<\/th>\n<th>Bireycilik<\/th>\n<\/tr>\n<tr>\n<td>\u0130nsanlar ait olduklar\u0131 grubun \u00e7\u0131karlar\u0131 do\u011frultusunda hareket ederler.<\/td>\n<td>\u0130nsanlar kendi hedefleri do\u011frultusunda hareket ederler.<\/td>\n<\/tr>\n<tr>\n<td>Grup\/aile referans noktas\u0131d\u0131r.<\/td>\n<td>Bireysellik referans noktas\u0131d\u0131r.<\/td>\n<\/tr>\n<tr>\n<td>\n<div class=\"droppable-m5 ui-widget-header\" data-zone=\"1\"><\/div>\n<\/td>\n<td>\n<div class=\"droppable-m5 ui-widget-header\" data-zone=\"2\"><\/div>\n<\/td>\n<\/tr>\n<\/tbody>\n<\/table>\n<ul>\n<li class=\"draggable-m5 ui-widget-content\" data-target=\"1\">Birbirine s\u0131k\u0131ca ba\u011fl\u0131 sosyal \u00e7er\u00e7eve<\/li>\n<li class=\"draggable-m5 ui-widget-content\" data-target=\"2\">Birbirinden uzak sosyal \u00e7er\u00e7eve<\/li>\n<li class=\"draggable-m5 ui-widget-content\" data-target=\"1\">G\u00f6revlerde grup sorumlulu\u011fu<\/li>\n<li class=\"draggable-m5 ui-widget-content\" data-target=\"2\">G\u00f6revlerde bireysel sorumluluk<\/li>\n<\/ul><\/div>\n<p>    <button class=\"vin-button checkQuestion\" type=\"button\">Check<\/button><\/p>\n<\/div>\n<p>&nbsp;<\/p>\n<button type=\"button\" class=\"vin-button collapsed\" role=\"button\" data-target=\"#collapse-tr-2\" aria-expanded=\"false\" data-toggle=\"collapse\" aria-controls=\"collapse-tr-2\">\n    Vocal in Need ba\u011flam\u0131nda daha fazla bilgi i\u00e7in ba\u011flant\u0131\n  <\/button>\n        <div class=\"collapse hidden-content\" id=\"collapse-tr-2\">\n            <div><\/p>\n<p>\u2018Grup\u00e7uluk\/Bireycilik\u2019 boyutu, baz\u0131 Asya, Afrika, Do\u011fu Avrupa ve Orta Do\u011fu \u00fclkeleri gibi olduk\u00e7a grup\u00e7u k\u00fclt\u00fcrlerde birbirlerine s\u0131k\u0131ca ba\u011fl\u0131 aileler ve aile ya da grup i\u00e7inde ba\u011fl\u0131l\u0131k ve sadakat \u015feklinde kendini g\u00f6sterebilir.<\/p>\n<p>Bazen t\u00fcm aile, her bir bireyin refah\u0131 i\u00e7in karar verir. Ailenin kararlar\u0131 bireyin isteklerini dikkate almayabilir. Aile, b\u00fct\u00fcn ailenin ortak refah\u0131 u\u011fruna bireyleri g\u00f6rmezden gelebilir. \u00d6rne\u011fin bu durum aile bireylerinden birinin \u015fans\u0131n\u0131 Avrupa\u2019da denemesi oraya g\u00f6\u00e7 etmesi gerekti\u011finde ortaya \u00e7\u0131kabilir. Pek \u00e7ok durumda Avrupa\u2019ya g\u00f6\u00e7 eden ki\u015fi ailesini ge\u00e7indirmek i\u00e7in d\u00fczenli olarak para g\u00f6nderen ki\u015fidir. Bu durumlarda aile karar\u0131 bekar olan aile bireyinin isteklerine \u00f6ncelik verir.<\/p>\n<p>\n<\/div>\n        <\/div>\n<p>&nbsp;<\/p>\n<p><strong>Belirsizlikten Ka\u00e7\u0131nma <\/strong><\/p>\n<p>Polis merkezinde ya da sosyal bir kurumda i\u015flerin nas\u0131l i\u015fledi\u011fini anlamad\u0131\u011f\u0131n\u0131zda kendinizi ne kadar rahat hissedersiniz?<\/p>\n<p>Bu boyut karma\u015f\u0131k ve belirsiz durumlar\u0131n herhangi bir k\u00fclt\u00fcrde ne derece g\u00fcvensizlik ve endi\u015fe yaratt\u0131\u011f\u0131n\u0131 g\u00f6zler \u00f6n\u00fcne sermektedir. Y\u00fcksek belirsizlikten ka\u00e7\u0131nman\u0131n g\u00f6r\u00fcld\u00fc\u011f\u00fc k\u00fclt\u00fcrlere ait insanlar i\u00e7in \u00f6zel ve sosyal ya\u015fam\u0131 d\u00fczenleyen kurallar b\u00fcy\u00fck oranda \u00f6zveriye sahiptir. Karma\u015f\u0131k, d\u00fczensiz durumlar sald\u0131rganl\u0131\u011fa bile sebep olabilecek oryantasyon bozuklu\u011funa yaratabilir. Bu da olduk\u00e7a kompleks ve kat\u0131 sosyal sistemlerin olu\u015fmas\u0131na sebep olmaktad\u0131r.<\/p>\n<p>D\u00fc\u015f\u00fck belirsizlikten ka\u00e7\u0131nman\u0131n g\u00f6r\u00fcld\u00fc\u011f\u00fc k\u00fclt\u00fcrlere ait insanlar i\u00e7in \u00f6zel ve sosyal ya\u015fam\u0131 d\u00fczenleyen kurallar daha az \u00f6zveri gerektirmektedir. Kaos ve belirsiz durumlara nispeten daha sakin bir \u015fekilde tepki verilir. Bu da daha esnek bir d\u00fczenleme sistemine sebep olur.<\/p>\n<p>&nbsp;<\/p>\n<div class=\"q5 m5-quiz\">\n<div class=\"row\">\n<table class=\"table table-bordered\">\n<tbody>\n<tr>\n<th>D\u00fc\u015f\u00fck Belirsizlikten Ka\u00e7\u0131nma<\/th>\n<th>Y\u00fcksek Belirsizlikten Ka\u00e7\u0131nma<\/th>\n<\/tr>\n<tr>\n<td>Normlar ve kurallar beklenmedik sonu\u00e7lardan ka\u00e7\u0131nmada daha az \u00f6neme sahiptir.<\/td>\n<td>Normlar ve kurallar beklenmedik sonu\u00e7lardan ka\u00e7\u0131nmak i\u00e7in eylemler olu\u015fturur.<\/td>\n<\/tr>\n<tr>\n<td>Kesinlik ve dakiklik \u00f6\u011frenilmeli ve y\u00f6netilmelidir.<\/td>\n<td>Kesinlik ve dakiklik do\u011fu\u015ftan gelir.<\/td>\n<\/tr>\n<tr>\n<td>\n<div class=\"droppable-m5 ui-widget-header\" data-zone=\"1\"><\/div>\n<\/td>\n<td>\n<div class=\"droppable-m5 ui-widget-header\" data-zone=\"2\"><\/div>\n<\/td>\n<\/tr>\n<\/tbody>\n<\/table>\n<ul>\n<li class=\"draggable-m5 ui-widget-content\" data-target=\"1\">Bilgileri kay\u0131t alt\u0131na alma \u00f6\u011frenmilmeli ve y\u00f6netilmelidir.<\/li>\n<li class=\"draggable-m5 ui-widget-content\" data-target=\"2\">Bilgileri kay\u0131t alt\u0131na alma do\u011fu\u015ftan gelir.<\/li>\n<li class=\"draggable-m5 ui-widget-content\" data-target=\"1\">\u00dcstlerin g\u00fcc\u00fc konuma ba\u011fl\u0131d\u0131r.<\/li>\n<li class=\"draggable-m5 ui-widget-content\" data-target=\"2\">\u00dcstlerin g\u00fcc\u00fc belirsizlikleri ve ili\u015fkileri kontrol alt\u0131na almaya ba\u011fl\u0131d\u0131r.<\/li>\n<\/ul><\/div>\n<p>    <button class=\"vin-button checkQuestion\" type=\"button\">Check<\/button><\/p>\n<\/div>\n<p>&nbsp;<\/p>\n<button type=\"button\" class=\"vin-button collapsed\" role=\"button\" data-target=\"#collapse-tr-3\" aria-expanded=\"false\" data-toggle=\"collapse\" aria-controls=\"collapse-tr-3\">\n    Vocal in Need ba\u011flam\u0131nda daha fazla bilgi i\u00e7in ba\u011flant\u0131\n  <\/button>\n        <div class=\"collapse hidden-content\" id=\"collapse-tr-3\">\n            <div><\/p>\n<p>Karma\u015f\u0131k ve belirsiz durumlara d\u00fc\u015f\u00fck tolerans g\u00f6steren \u00fclkeler bu boyutu g\u00f6zle g\u00f6r\u00fclmeyen \u015feylere yani stresli durumlara engel koymak i\u00e7in iyi tan\u0131mlanm\u0131\u015f yap\u0131lara ve d\u00fczenlemelere sahip olarak g\u00f6sterirler. \u00d6rne\u011fin, g\u00f6\u00e7menlerin konaklama ya da dil kurslar\u0131na nas\u0131l g\u00f6nderilece\u011finin kararla\u015ft\u0131r\u0131ld\u0131\u011f\u0131 s\u00fcre\u00e7ler a\u015fa\u011f\u0131 yukar\u0131 tan\u0131mlanm\u0131\u015f ve olu\u015fturulmu\u015ftur.<\/p>\n<p>Duruma ba\u011fl\u0131 olarak farkl\u0131 beklentiler birbirine z\u0131t d\u00fc\u015ft\u00fc\u011f\u00fcnde anla\u015fmazl\u0131klar ortaya \u00e7\u0131kabilir. \u00c7ok k\u00fclt\u00fcrl\u00fc bir ortamda i\u015f arkada\u015flar\u0131 ve i\u015fbirlik\u00e7ilere verilen a\u00e7\u0131k ve basit talimatlar, kurallar ve d\u00fczenlemelerin yeni gelen g\u00f6\u00e7menlere ka\u011f\u0131t \u00fczerinde, a\u00e7\u0131k\u00e7a g\u00f6r\u00fclebilecek tabela ya da klavuzlarda yaz\u0131l\u0131 \u015fekilde da\u011f\u0131t\u0131larak verilmesi d\u00fczensiz ve karma\u015f\u0131k durumlarda d\u00fc\u015f\u00fck belirsizlikten ka\u00e7\u0131nmaya sahip olanlar i\u00e7in faydal\u0131 olabilir.<\/p>\n<p>Herhangi bir kurumda \u00e7al\u0131\u015fan belirsizli\u011fe kar\u015f\u0131 d\u00fc\u015f\u00fck toleransa sahip personelin, \u00f6rne\u011fin g\u00f6\u00e7menlerle irtibat haline ge\u00e7ti\u011finde, bire bir ve do\u011frudan ileti\u015fim kurmak yerine yaz\u0131l\u0131 belgelere ya da bilgisayarda kay\u0131tl\u0131 bilgilere g\u00fcvendi\u011fi d\u00fc\u015f\u00fcn\u00fclebilir. Bu durumda irtibata ge\u00e7ilen ve \u00f6rne\u011fin g\u00f6z temas\u0131 ve mimikleri eksik bir g\u00f6\u00e7men ihmal edildi\u011fini ya da ciddiye al\u0131nmad\u0131\u011f\u0131n\u0131 d\u00fc\u015f\u00fcnebilir ve sonu\u00e7 olarak daha az i\u015fbirli\u011fi i\u00e7inde olur ve g\u00fcvenini kaybeder.<\/p>\n<p>\n<\/div>\n        <\/div>\n<p>&nbsp;<\/p>\n<p><strong>Cinsiyet E\u015fitli\u011fi (Globe)<\/strong><\/p>\n<p>Kurumunuzda ka\u00e7 tane kad\u0131n patron vard\u0131r?<\/p>\n<p>K\u00fclt\u00fcrler toplumsal cinsiyet ve e\u015fitsizli\u011fi farkl\u0131 \u015fekillerde ele al\u0131rlar: farkl\u0131 boyutlara indirgerler.<\/p>\n<p>&nbsp;<\/p>\n<div class=\"q6 m5-quiz\">\n<div class=\"row\">\n<table class=\"table table-bordered\">\n<tbody>\n<tr>\n<th>Y\u00fcksek cinsiyet E\u015fitli\u011fi<\/th>\n<th>D\u00fc\u015f\u00fck Cinsiyet E\u015fitli\u011fi<\/th>\n<\/tr>\n<tr>\n<td>Ki\u015filere a\u00e7\u0131k\u00e7a y\u00fcklenen geleneksel roller yoktur<\/td>\n<td>Ki\u015filere a\u00e7\u0131k\u00e7a y\u00fcklenen geleneksel roller vard\u0131r<\/td>\n<\/tr>\n<tr>\n<td>E\u011fitimde e\u015fitlik<\/td>\n<td>E\u011fitimde kad\u0131n say\u0131s\u0131n\u0131n az olmas\u0131<\/td>\n<\/tr>\n<tr>\n<td>\n<div class=\"droppable-m5 ui-widget-header\" data-zone=\"1\"><\/div>\n<\/td>\n<td>\n<div class=\"droppable-m5 ui-widget-header\" data-zone=\"2\"><\/div>\n<\/td>\n<\/tr>\n<\/tbody>\n<\/table>\n<ul>\n<li class=\"draggable-m5 ui-widget-content\" data-target=\"1\">Y\u00f6netimde kad\u0131n<\/li>\n<li class=\"draggable-m5 ui-widget-content\" data-target=\"2\">Y\u00f6netimde kad\u0131n say\u0131s\u0131n\u0131n az olmas\u0131<\/li>\n<li class=\"draggable-m5 ui-widget-content\" data-target=\"1\">Kariyer hedefleri hem kad\u0131n hem erkek i\u00e7in iste\u011fe ba\u011fl\u0131<\/li>\n<li class=\"draggable-m5 ui-widget-content\" data-target=\"2\">Kariyer hedefi erkekler i\u00e7in zorunlu, kad\u0131nlar i\u00e7in iste\u011fe ba\u011fl\u0131<\/li>\n<\/ul><\/div>\n<p>    <button class=\"vin-button checkQuestion\" type=\"button\">Check<\/button><\/p>\n<\/div>\n<p>&nbsp;<\/p>\n<button type=\"button\" class=\"vin-button collapsed\" role=\"button\" data-target=\"#collapse-tr-4\" aria-expanded=\"false\" data-toggle=\"collapse\" aria-controls=\"collapse-tr-4\">\n    Vocal in Need ba\u011flam\u0131nda daha fazla bilgi i\u00e7in ba\u011flant\u0131\n  <\/button>\n        <div class=\"collapse hidden-content\" id=\"collapse-tr-4\">\n            <div><\/p>\n<p>Almanya, Avusturya gibi bat\u0131 \u00fclkelerinde, baz\u0131 Akdeniz \u00fclkeleri (\u00f6rne\u011fin, \u0130talya ve \u0130spanya) ve ayr\u0131ca baz\u0131 Orta Do\u011fu \u00fclkeleri (\u00f6rne\u011fin T\u00fcrkiye, M\u0131s\u0131r, \u0130ran) gibi d\u00fc\u015f\u00fck cinsiyet e\u015fitli\u011finin g\u00f6r\u00fcld\u00fc\u011f\u00fc baz\u0131 bat\u0131 k\u00fclt\u00fcrlerinde erkek, toplumda bask\u0131n bir role sahiptir.<\/p>\n<p>Vocal in Need kapsam\u0131nda bu boyut belli bir rol ayr\u0131m\u0131n\u0131 g\u00f6stermektedir: Erkekler do\u011fu\u015ftan ba\u015f komiser, kurum y\u00f6neticisi ve benzerdir\u2013kad\u0131nlar do\u011fu\u015ftan sekreter, asistan ve benzeridir.<\/p>\n<p>D\u00fc\u015f\u00fck cinsiyet e\u015fitli\u011fine sahip \u00fclkelerden erkekler, \u00fcst\u00fcn pozisyonda \u00e7al\u0131\u015fan kad\u0131nlardan emir almay\u0131 sevmeyebilirler. Do\u011fu\u015ftan gelen rollerin de\u011fi\u015fmesine tahamm\u00fcl edemedikleri i\u00e7in kad\u0131nlara kar\u015f\u0131 kibirli ve dayatmac\u0131 bir davran\u0131\u015f sergileyebilirler.<\/p>\n<p>\n<\/div>\n        <\/div>\n<p>&nbsp;<\/p>\n<p><strong>\u0130li\u015fkiler ve kurallar: Evrenselcilik\/Tikelcilik (Fons Trompenaars)<\/strong><\/p>\n<p>Polis memuru ya da sivil toplum \u00f6rg\u00fct\u00fc \u00e7al\u0131\u015fan\u0131 olarak yard\u0131m\u0131n\u0131za ihtiyac\u0131 olan bir ki\u015fi ile kar\u015f\u0131la\u015ft\u0131\u011f\u0131n\u0131z\u0131 hayal edin. Kurallara ayk\u0131r\u0131 da olsa bu ki\u015fiye yard\u0131m eder miydiniz?<\/p>\n<p>&nbsp;<\/p>\n<p>Bu boyut, bir k\u00fclt\u00fcr\u00fcn, insanlar\u0131n bir arada ya\u015fayabilmesi ve herhangi bir ko\u015fulda uygulanmas\u0131nda \u0131srar edilmesi i\u00e7in herkes\u00e7e kabul edilen kurallar\u0131n tan\u0131mlanma ihtimalini ne kadar dikkate ald\u0131\u011f\u0131n\u0131 g\u00f6sterir. Evrenselci k\u00fclt\u00fcrler bunun m\u00fcmk\u00fcn oldu\u011funa inan\u0131rken tikelciler daha g\u00fc\u00e7l\u00fc bir \u015fekilde belirli ko\u015fullara odaklan\u0131rlar ve kat\u0131 bir \u015fekilde kurallara uymay\u0131 reddederler.<\/p>\n<p>&nbsp;<\/p>\n<table>\n<tbody>\n<tr>\n<td width=\"307\"><strong>Evrenselcilik<\/strong><\/td>\n<td width=\"307\"><strong>Tikelcilik<\/strong><\/td>\n<\/tr>\n<tr>\n<td width=\"307\">Kurallar ve normlar duruma ba\u011fl\u0131 de\u011fildir.<\/td>\n<td width=\"307\">Anl\u0131k duruma odakl\u0131d\u0131r ve istisnalar m\u00fcmk\u00fcnd\u00fcr.<\/td>\n<\/tr>\n<tr>\n<td width=\"307\">Kar\u015f\u0131l\u0131kl\u0131 anla\u015fmaya b\u00fcy\u00fck \u00f6nem verir.<\/td>\n<td width=\"307\">\u0130li\u015fkilere b\u00fcy\u00fck \u00f6nem verir.<\/td>\n<\/tr>\n<\/tbody>\n<\/table>\n<p>&nbsp;<\/p>\n<button type=\"button\" class=\"vin-button collapsed\" role=\"button\" data-target=\"#collapse-tr-5\" aria-expanded=\"false\" data-toggle=\"collapse\" aria-controls=\"collapse-tr-5\">\n    Vocal in Need ba\u011flam\u0131nda daha fazla bilgi i\u00e7in ba\u011flant\u0131\n  <\/button>\n        <div class=\"collapse hidden-content\" id=\"collapse-tr-5\">\n            <div><\/p>\n<p>Vocal in Need ba\u011flam\u0131nda \u2018Evrenselcilik-Tikelcilik\u2019, \u00f6rne\u011fin polis memurlar\u0131\/sivil toplum \u00f6rg\u00fct\u00fc \u00e7al\u0131\u015fanlar\u0131 ve g\u00f6\u00e7menler aras\u0131nda kendini g\u00f6sterir.<\/p>\n<p>Evrenselci k\u00fclt\u00fcrlerde b\u00fct\u00fcn g\u00f6\u00e7menler e\u015fittir ve g\u00f6\u00e7men stat\u00fcs\u00fcne g\u00f6re davran\u0131l\u0131r. M\u00fcsl\u00fcman, Arap, ve ayr\u0131ca Akdeniz \u00fclkeleri gibi Tikelci k\u00fclt\u00fcrlerde bu \u00fclkelerden insanlar ayr\u0131cal\u0131kl\u0131 olmay\u0131 bekler ya da asl\u0131nda personel ile ili\u015fkileri y\u00fcz\u00fcnden zaten ayr\u0131cal\u0131kl\u0131d\u0131rlar: ba\u015f m\u00fcfetti\u015f\u00a0 iyi bir arkada\u015f olabilir ya da ki\u015fisel motifler pe\u015finde olabilir. B\u00fct\u00fcn bu durumlarda kurallar ki\u015fisel tercihler baz\u0131nda s\u00fcrekli olarak yeniden m\u00fczakere edilir.<\/p>\n<p>\n<\/div>\n        <\/div>\n<p>&nbsp;<\/p>\n<p>Tikelci sistem, evrenselci k\u00fclt\u00fcrlere anla\u015f\u0131lmas\u0131 g\u00fc\u00e7 ve adaletsiz gibi g\u00f6r\u00fcnebilir, \u00f6zellikle ayr\u0131cal\u0131klara sahip olmak i\u00e7in \u00f6ncelikli bir durumda yer almak i\u00e7in hi\u00e7 f\u0131rsat yoksa. Tikelci sistem g\u00fcvensizlik, acizlik ve sinir gibi duygulara sebep olabilir. Tikelci k\u00fclt\u00fcrlere ait insanlar i\u00e7in evrenselci kurallara ba\u011fl\u0131l\u0131k anla\u015f\u0131lmas\u0131 g\u00fc\u00e7 ve sinir bozucu g\u00f6r\u00fcnebilir. K\u0131zg\u0131nl\u0131k ve g\u00fccenmeye bile sebep olabilirler.<\/p>\n<p>&nbsp;<\/p>\n<p>&nbsp;<\/p>\n<p><strong>Y\u00fcksek\/D\u00fc\u015f\u00fck Ba\u011flaml\u0131 (Hall)<\/strong><\/p>\n<p>Bir s\u0131\u011f\u0131nmac\u0131ya, iltica ba\u015fvurusunun olumsuz sonu\u00e7lanaca\u011f\u0131n\u0131 ne kadar a\u00e7\u0131k bir \u015fekilde ifade edersiniz?<\/p>\n<p>\u0130\u015f arkada\u015f\u0131n\u0131za hata yapt\u0131\u011f\u0131n\u0131 do\u011frudan nas\u0131l s\u00f6ylersiniz?<\/p>\n<p><strong>\u00a0<\/strong><\/p>\n<p>D\u00fc\u015f\u00fck ba\u011flaml\u0131 k\u00fclt\u00fcrler kendilerini a\u00e7\u0131k bir \u015fekilde ifade ederler. \u0130letilen mesaj\u0131n odak noktas\u0131 ger\u00e7ek anlamd\u0131r.<\/p>\n<p>Y\u00fcksek ba\u011flaml\u0131 k\u00fclt\u00fcrler dolayl\u0131 mesajlar ile ileti\u015fim kurarlar. \u00dcst\u00fc kapal\u0131 anlam\u0131 anlayabilmek \u00f6nemlidir ve iletilen mesaj\u0131 do\u011fru bir \u015fekilde \u00e7\u00f6z\u00fcmlemek i\u00e7in s\u00f6zs\u00fcz ileti\u015fim \u00f6nemlidir.<\/p>\n<p>&nbsp;<\/p>\n<div class=\"q7 m5-quiz\">\n<div class=\"row\">\n<table class=\"table table-bordered\">\n<tbody>\n<tr>\n<th>Y\u00fcksek ba\u011f\u0131ml\u0131 k\u00fclt\u00fcrler<\/th>\n<th>D\u00fc\u015f\u00fck ba\u011f\u0131ml\u0131 k\u00fclt\u00fcrler<\/th>\n<\/tr>\n<tr>\n<td>\u00dcst\u00fc kapal\u0131, gizli mesajlar \u2013pek \u00e7ok ba\u011flamsal unsurlar insanlar\u0131n anlamas\u0131na yard\u0131mc\u0131 olur<\/td>\n<td>Belirgin, a\u00e7\u0131k mesajlar \u2013anl\u0131k durumdan \u00e7ok az bilgi al\u0131nmal\u0131d\u0131r<\/td>\n<\/tr>\n<tr>\n<td>\u00c7ok fazla s\u00f6zs\u00fcz ileti\u015fim<\/td>\n<td>S\u00f6zs\u00fcz ileti\u015fim daha az \u00f6nemlidir, s\u00f6zl\u00fc ileti\u015fime daha \u00e7ok yer verilir<\/td>\n<\/tr>\n<tr>\n<td>\n<div class=\"droppable-m5 ui-widget-header\" data-zone=\"1\"><\/div>\n<\/td>\n<td>\n<div class=\"droppable-m5 ui-widget-header\" data-zone=\"2\"><\/div>\n<\/td>\n<\/tr>\n<\/tbody>\n<\/table>\n<ul>\n<li class=\"draggable-m5 ui-widget-content\" data-target=\"1\">\u0130\u00e7e d\u00f6n\u00fck tepkiler<\/li>\n<li class=\"draggable-m5 ui-widget-content\" data-target=\"2\">V\u00fccut diline daha az odaklan\u0131r<\/li>\n<li class=\"draggable-m5 ui-widget-content\" data-target=\"1\">G\u00fc\u00e7l\u00fc aile anlay\u0131\u015f\u0131<\/li>\n<li class=\"draggable-m5 ui-widget-content\" data-target=\"2\">Esnek ve a\u00e7\u0131k grup \u015femalar\u0131<\/li>\n<\/ul><\/div>\n<p>    <button class=\"vin-button checkQuestion\" type=\"button\">Check<\/button><\/p>\n<\/div>\n<p>&nbsp;<\/p>\n<p><img data-recalc-dims=\"1\" decoding=\"async\" data-attachment-id=\"811\" data-permalink=\"https:\/\/vocal.erasmus.site\/tr\/modules\/module-5\/2-5-dimensions-of-culture\/attachment\/screenshot_6\/\" data-orig-file=\"https:\/\/i0.wp.com\/vocal.erasmus.site\/wp-content\/uploads\/2019\/05\/Screenshot_6.jpg?fit=171%2C258&amp;ssl=1\" data-orig-size=\"171,258\" data-comments-opened=\"0\" data-image-meta=\"{&quot;aperture&quot;:&quot;0&quot;,&quot;credit&quot;:&quot;&quot;,&quot;camera&quot;:&quot;&quot;,&quot;caption&quot;:&quot;&quot;,&quot;created_timestamp&quot;:&quot;0&quot;,&quot;copyright&quot;:&quot;&quot;,&quot;focal_length&quot;:&quot;0&quot;,&quot;iso&quot;:&quot;0&quot;,&quot;shutter_speed&quot;:&quot;0&quot;,&quot;title&quot;:&quot;&quot;,&quot;orientation&quot;:&quot;0&quot;}\" data-image-title=\"Screenshot_6\" data-image-description=\"\" data-image-caption=\"\" data-large-file=\"https:\/\/i0.wp.com\/vocal.erasmus.site\/wp-content\/uploads\/2019\/05\/Screenshot_6.jpg?fit=171%2C258&amp;ssl=1\" class=\"aligncenter size-full wp-image-811\" src=\"https:\/\/i0.wp.com\/vocal.lvh.me\/wp-content\/uploads\/2019\/05\/Screenshot_6.jpg?resize=171%2C258\" alt=\"\" width=\"171\" height=\"258\" \/><\/p>\n<button type=\"button\" class=\"vin-button collapsed\" role=\"button\" data-target=\"#collapse-tr-6\" aria-expanded=\"false\" data-toggle=\"collapse\" aria-controls=\"collapse-tr-6\">\n    Vocal in Need ba\u011flam\u0131nda daha fazla bilgi i\u00e7in ba\u011flant\u0131\n  <\/button>\n        <div class=\"collapse hidden-content\" id=\"collapse-tr-6\">\n            <div><\/p>\n<p>Bu boyut g\u00f6\u00e7menlerin sorunlar\u0131n\u0131 nas\u0131l aktard\u0131\u011f\u0131n\u0131 ya da deneyimlerini di\u011fer insanlara nas\u0131l anlatt\u0131\u011f\u0131n\u0131 g\u00f6stermektedir.<\/p>\n<p>Y\u00fcksek ba\u011flaml\u0131 k\u00fclt\u00fcrden gelen g\u00f6\u00e7menler, d\u00fc\u015f\u00fck ba\u011flaml\u0131 k\u00fclt\u00fcrlerin g\u00f6z\u00fcnde daha i\u00e7e d\u00f6n\u00fck ve duygusal anlamda mesafelilerdir. Y\u00fcksek ba\u011flaml\u0131 k\u00fclt\u00fcrlerden gelen insanlar, g\u00fcvensizlik ve korku gibi duygular\u0131 ve hisleri do\u011frudan ger\u00e7ek durumu kastetmeden aktarmaya al\u0131\u015f\u0131klard\u0131r. Bu ileti\u015fim t\u00fcr\u00fc d\u00fc\u015f\u00fck ba\u011flaml\u0131 k\u00fclt\u00fcrlerin g\u00f6z\u00fcnde ayr\u0131nt\u0131l\u0131 ve kar\u0131\u015f\u0131k olabilir. D\u00fc\u015f\u00fck ba\u011flaml\u0131 k\u00fclt\u00fcrler bir s\u0131\u011f\u0131nmac\u0131ya iltica ba\u015fvurunun durumu gibi bilgileri metafor ya da di\u011fer s\u00f6z sanatlar\u0131n\u0131n arkas\u0131na saklanmadan a\u00e7\u0131k bir \u015fekilde iletirler. Buna al\u0131\u015f\u0131k olmayan k\u00fclt\u00fcrlerin g\u00f6z\u00fcnde do\u011frudan ileti\u015fim \u015fekli dostane olmayan, k\u00fc\u00e7\u00fck d\u00fc\u015f\u00fcr\u00fcc\u00fc ve hatta \u015fok edici olabilir.<\/p>\n<p>\n<\/div>\n        <\/div>\n<p>&nbsp;<\/p>\n<p><strong>\u201c\u0130tibar\u201d kavram\u0131 <\/strong><\/p>\n<p>\u2018Y\u00fcz\u2019 kavram\u0131 k\u00fclt\u00fcrel boyut olarak tan\u0131mlanm\u0131yor ancak yine de k\u00fclt\u00fcrler aras\u0131nda yayg\u0131n olan bir davran\u0131\u015f \u015femas\u0131 olarak g\u00f6r\u00fclmektedir. K\u00fclt\u00fcrlerin zamanla kendi y\u00f6ntemleriyle \u00e7\u00f6z\u00fcm yollar\u0131 buldu\u011fu evrenselci bir \u015fema olarak g\u00f6r\u00fclmektedir<\/p>\n<p>\u2018Y\u00fcz\u2019 kavram\u0131 Asya, \u00f6zellikle \u00c7in, k\u00fclt\u00fcr\u00fc ile \u00f6zde\u015fle\u015ftirilir. Ancak Bat\u0131 toplumlar\u0131 da kendi k\u00fclt\u00fcrlerine adapte edilmi\u015f haliyle buna sahiptir ve onur, prestij, iyi\/k\u00f6t\u00fc g\u00f6r\u00fcn\u00fc\u015f gibi kavramlarda kendini g\u00f6sterir ve utan\u00e7 ve korku gibi kavramlar ile ba\u011flant\u0131l\u0131d\u0131r.<\/p>\n<p>Asya k\u00fclt\u00fcrlerinde, bat\u0131 k\u00fclt\u00fcrlerinde oldu\u011fu gibi, \u2018Y\u00fcz\u2019 kavram\u0131 benlik ve bireyin di\u011fer insanlar\u0131n oldu\u011fu kadar belirli bir davran\u0131\u015ftan nas\u0131l faydalanaca\u011f\u0131 fikridir. Sosyal normlar\u0131n ihlali y\u00fcz kavram\u0131n\u0131n ortadan kalkmas\u0131na sebep olabilir.<\/p>\n<p>\u00d6zellikle Asya k\u00fclt\u00fcrlerinde, insanlar (hem kendileri hem de kar\u015f\u0131lar\u0131ndaki ki\u015fi i\u00e7in) itibarlar\u0131n\u0131 kaybetmekten ka\u00e7\u0131n\u0131r ve itibar i\u00e7in \u00e7abalarlar (hem kendilerinin hem de partnerlerininki i\u00e7in). Bu da kendi imajlar\u0131n\u0131 olumlu y\u00f6nde etki etmektedir.<\/p>\n<p>&nbsp;<\/p>\n<button type=\"button\" class=\"vin-button collapsed\" role=\"button\" data-target=\"#collapse-tr-7\" aria-expanded=\"false\" data-toggle=\"collapse\" aria-controls=\"collapse-tr-7\">\n    Vocal in Need ba\u011flam\u0131nda daha fazla bilgi i\u00e7in ba\u011flant\u0131\n  <\/button>\n        <div class=\"collapse hidden-content\" id=\"collapse-tr-7\">\n            <div><\/p>\n<p>G\u00f6\u00e7menlerin belirli durumlarda gururlu veya a\u015f\u0131r\u0131 \u00f6zg\u00fcvenli g\u00f6r\u00fcnd\u00fckleri zamanlar vard\u0131r. Bunlar, korku veya utanc\u0131n rol oynad\u0131\u011f\u0131 durumlard\u0131r &#8211; \u00f6rne\u011fin, bar\u0131naktaki sorumlu ki\u015finin ne dedi\u011fini anlamad\u0131klar\u0131nda veya tesisteki personelden birine kat\u0131lmad\u0131klar\u0131nda. Bir \u015feyi anlamad\u0131klar\u0131n\u0131 ya da ayn\u0131 fikirde olmad\u0131klar\u0131n\u0131 kabul etmek sadece onlar\u0131n itibarlar\u0131n\u0131 kaybetmelerine de\u011fil, ayn\u0131 zamanda konu\u015ftuklar\u0131 ki\u015finin de kaybetmesine neden olur. Bu nedenle bazen somut ifadeler elde etmek zordur.<\/p>\n<p>Kurumun sorumlu personeli ya da polis memurlar\u0131 i\u00e7in iyice d\u00fc\u015f\u00fcnmeleri ve g\u00f6\u00e7menlerin neler hissetti\u011fini anlamaya \u00e7al\u0131\u015fmalar\u0131 daha iyi olabilir. Bu durum g\u00f6\u00e7menlerin duygular\u0131n\u0131 ve d\u00fc\u015f\u00fcncelerini ifade etmelerini kolayla\u015ft\u0131r\u0131r.<\/p>\n<p>\n<\/div>\n        <\/div>\n<p>&nbsp;<br \/>\n<\/p>","protected":false},"excerpt":{"rendered":"<p>K\u00fclt\u00fcr\u00fcn Boyutlar\u0131 Kararlar\u0131n\u0131z\u0131 i\u015f arkada\u015flar\u0131n\u0131za nas\u0131l iletti\u011finizi ya da bir aileye s\u0131n\u0131r d\u0131\u015f\u0131 edilece\u011fini nas\u0131l s\u00f6yleyece\u011finizi d\u00fc\u015f\u00fcnmek i\u00e7in kendinize bir dakika verin. Sizinle ayn\u0131 g\u00f6reve sahip farkl\u0131 k\u00fclt\u00fcrden birisinin bunu sizin s\u00f6yledi\u011finiz gibi s\u00f6ylemesini bekler misiniz? B\u00fcy\u00fck ihtimalle hay\u0131r diyeceksiniz. Ancak toplum \u00fcyelerinin belli bir durumda nas\u0131l davran\u0131p nas\u0131l tepki verece\u011fini nas\u0131l ay\u0131rt edebiliriz? \u0130htimallerden [&hellip;]<\/p>\n","protected":false},"author":2,"featured_media":0,"comment_status":"closed","ping_status":"open","sticky":false,"template":"","format":"standard","meta":{"jetpack_post_was_ever_published":false,"_jetpack_newsletter_access":"","_jetpack_dont_email_post_to_subs":false,"_jetpack_newsletter_tier_id":0,"_jetpack_memberships_contains_paywalled_content":false,"_jetpack_memberships_contains_paid_content":false,"footnotes":"","jetpack_publicize_message":"","jetpack_publicize_feature_enabled":true,"jetpack_social_post_already_shared":false,"jetpack_social_options":{"image_generator_settings":{"template":"highway","default_image_id":0,"font":"","enabled":false},"version":2}},"categories":[11],"tags":[20],"class_list":["post-797","post","type-post","status-publish","format-standard","hentry","category-module-5","tag-content"],"yoast_head":"<!-- This site is optimized with the Yoast SEO plugin v27.4 - https:\/\/yoast.com\/product\/yoast-seo-wordpress\/ -->\n<title>2.5. K\u00fclt\u00fcr\u00fcn boyutlar\u0131 - Vocal in Need<\/title>\n<meta name=\"robots\" content=\"index, follow, max-snippet:-1, max-image-preview:large, max-video-preview:-1\" \/>\n<link rel=\"canonical\" href=\"https:\/\/vocal.erasmus.site\/tr\/modules\/module-5\/2-5-dimensions-of-culture\/\" \/>\n<meta property=\"og:locale\" content=\"tr_TR\" \/>\n<meta property=\"og:type\" content=\"article\" \/>\n<meta property=\"og:title\" content=\"2.5. K\u00fclt\u00fcr\u00fcn boyutlar\u0131 - Vocal in Need\" \/>\n<meta property=\"og:description\" content=\"K\u00fclt\u00fcr\u00fcn Boyutlar\u0131 Kararlar\u0131n\u0131z\u0131 i\u015f arkada\u015flar\u0131n\u0131za nas\u0131l iletti\u011finizi ya da bir aileye s\u0131n\u0131r d\u0131\u015f\u0131 edilece\u011fini nas\u0131l s\u00f6yleyece\u011finizi d\u00fc\u015f\u00fcnmek i\u00e7in kendinize bir dakika verin. Sizinle ayn\u0131 g\u00f6reve sahip farkl\u0131 k\u00fclt\u00fcrden birisinin bunu sizin s\u00f6yledi\u011finiz gibi s\u00f6ylemesini bekler misiniz? B\u00fcy\u00fck ihtimalle hay\u0131r diyeceksiniz. Ancak toplum \u00fcyelerinin belli bir durumda nas\u0131l davran\u0131p nas\u0131l tepki verece\u011fini nas\u0131l ay\u0131rt edebiliriz? \u0130htimallerden [&hellip;]\" \/>\n<meta property=\"og:url\" content=\"https:\/\/vocal.erasmus.site\/tr\/modules\/module-5\/2-5-dimensions-of-culture\/\" \/>\n<meta property=\"og:site_name\" content=\"Vocal in Need\" \/>\n<meta property=\"article:published_time\" content=\"2019-05-15T16:26:00+00:00\" \/>\n<meta property=\"article:modified_time\" content=\"2020-10-13T09:46:33+00:00\" \/>\n<meta property=\"og:image\" content=\"http:\/\/vocal.lvh.me\/wp-content\/uploads\/2019\/05\/Screenshot_2.jpg\" \/>\n<meta name=\"author\" content=\"admin\" \/>\n<meta name=\"twitter:card\" content=\"summary_large_image\" \/>\n<meta name=\"twitter:label1\" content=\"Yazan:\" \/>\n\t<meta name=\"twitter:data1\" content=\"admin\" \/>\n\t<meta name=\"twitter:label2\" content=\"Tahmini okuma s\u00fcresi\" \/>\n\t<meta name=\"twitter:data2\" content=\"77 dakika\" \/>\n<script type=\"application\/ld+json\" class=\"yoast-schema-graph\">{\"@context\":\"https:\\\/\\\/schema.org\",\"@graph\":[{\"@type\":\"Article\",\"@id\":\"https:\\\/\\\/vocal.erasmus.site\\\/tr\\\/modules\\\/module-5\\\/2-5-dimensions-of-culture\\\/#article\",\"isPartOf\":{\"@id\":\"https:\\\/\\\/vocal.erasmus.site\\\/tr\\\/modules\\\/module-5\\\/2-5-dimensions-of-culture\\\/\"},\"author\":{\"name\":\"admin\",\"@id\":\"https:\\\/\\\/vocal.erasmus.site\\\/#\\\/schema\\\/person\\\/85ffe4958a85203fdb9df909efde7c34\"},\"headline\":\"2.5. K\u00fclt\u00fcr\u00fcn boyutlar\u0131\",\"datePublished\":\"2019-05-15T16:26:00+00:00\",\"dateModified\":\"2020-10-13T09:46:33+00:00\",\"mainEntityOfPage\":{\"@id\":\"https:\\\/\\\/vocal.erasmus.site\\\/tr\\\/modules\\\/module-5\\\/2-5-dimensions-of-culture\\\/\"},\"wordCount\":27601,\"publisher\":{\"@id\":\"https:\\\/\\\/vocal.erasmus.site\\\/#organization\"},\"image\":{\"@id\":\"https:\\\/\\\/vocal.erasmus.site\\\/tr\\\/modules\\\/module-5\\\/2-5-dimensions-of-culture\\\/#primaryimage\"},\"thumbnailUrl\":\"http:\\\/\\\/vocal.lvh.me\\\/wp-content\\\/uploads\\\/2019\\\/05\\\/Screenshot_2.jpg\",\"keywords\":[\"content\"],\"articleSection\":[\"Mod\u00fcl 5 \\\"K\u00fclt\u00fcrler aras\u0131 Fark\u0131ndal\u0131k\\\"\"],\"inLanguage\":\"tr\"},{\"@type\":\"WebPage\",\"@id\":\"https:\\\/\\\/vocal.erasmus.site\\\/tr\\\/modules\\\/module-5\\\/2-5-dimensions-of-culture\\\/\",\"url\":\"https:\\\/\\\/vocal.erasmus.site\\\/tr\\\/modules\\\/module-5\\\/2-5-dimensions-of-culture\\\/\",\"name\":\"2.5. K\u00fclt\u00fcr\u00fcn boyutlar\u0131 - Vocal in Need\",\"isPartOf\":{\"@id\":\"https:\\\/\\\/vocal.erasmus.site\\\/#website\"},\"primaryImageOfPage\":{\"@id\":\"https:\\\/\\\/vocal.erasmus.site\\\/tr\\\/modules\\\/module-5\\\/2-5-dimensions-of-culture\\\/#primaryimage\"},\"image\":{\"@id\":\"https:\\\/\\\/vocal.erasmus.site\\\/tr\\\/modules\\\/module-5\\\/2-5-dimensions-of-culture\\\/#primaryimage\"},\"thumbnailUrl\":\"http:\\\/\\\/vocal.lvh.me\\\/wp-content\\\/uploads\\\/2019\\\/05\\\/Screenshot_2.jpg\",\"datePublished\":\"2019-05-15T16:26:00+00:00\",\"dateModified\":\"2020-10-13T09:46:33+00:00\",\"breadcrumb\":{\"@id\":\"https:\\\/\\\/vocal.erasmus.site\\\/tr\\\/modules\\\/module-5\\\/2-5-dimensions-of-culture\\\/#breadcrumb\"},\"inLanguage\":\"tr\",\"potentialAction\":[{\"@type\":\"ReadAction\",\"target\":[\"https:\\\/\\\/vocal.erasmus.site\\\/tr\\\/modules\\\/module-5\\\/2-5-dimensions-of-culture\\\/\"]}]},{\"@type\":\"ImageObject\",\"inLanguage\":\"tr\",\"@id\":\"https:\\\/\\\/vocal.erasmus.site\\\/tr\\\/modules\\\/module-5\\\/2-5-dimensions-of-culture\\\/#primaryimage\",\"url\":\"http:\\\/\\\/vocal.lvh.me\\\/wp-content\\\/uploads\\\/2019\\\/05\\\/Screenshot_2.jpg\",\"contentUrl\":\"http:\\\/\\\/vocal.lvh.me\\\/wp-content\\\/uploads\\\/2019\\\/05\\\/Screenshot_2.jpg\"},{\"@type\":\"BreadcrumbList\",\"@id\":\"https:\\\/\\\/vocal.erasmus.site\\\/tr\\\/modules\\\/module-5\\\/2-5-dimensions-of-culture\\\/#breadcrumb\",\"itemListElement\":[{\"@type\":\"ListItem\",\"position\":1,\"name\":\"Home\",\"item\":\"https:\\\/\\\/vocal.erasmus.site\\\/\"},{\"@type\":\"ListItem\",\"position\":2,\"name\":\"2.5. K\u00fclt\u00fcr\u00fcn boyutlar\u0131\"}]},{\"@type\":\"WebSite\",\"@id\":\"https:\\\/\\\/vocal.erasmus.site\\\/#website\",\"url\":\"https:\\\/\\\/vocal.erasmus.site\\\/\",\"name\":\"Vocal in Need\",\"description\":\"\",\"publisher\":{\"@id\":\"https:\\\/\\\/vocal.erasmus.site\\\/#organization\"},\"potentialAction\":[{\"@type\":\"SearchAction\",\"target\":{\"@type\":\"EntryPoint\",\"urlTemplate\":\"https:\\\/\\\/vocal.erasmus.site\\\/?s={search_term_string}\"},\"query-input\":{\"@type\":\"PropertyValueSpecification\",\"valueRequired\":true,\"valueName\":\"search_term_string\"}}],\"inLanguage\":\"tr\"},{\"@type\":\"Organization\",\"@id\":\"https:\\\/\\\/vocal.erasmus.site\\\/#organization\",\"name\":\"Vocal in Need\",\"url\":\"https:\\\/\\\/vocal.erasmus.site\\\/\",\"logo\":{\"@type\":\"ImageObject\",\"inLanguage\":\"tr\",\"@id\":\"https:\\\/\\\/vocal.erasmus.site\\\/#\\\/schema\\\/logo\\\/image\\\/\",\"url\":\"https:\\\/\\\/i0.wp.com\\\/vocal.erasmus.site\\\/wp-content\\\/uploads\\\/2018\\\/03\\\/LOGO_FINAL-300x75.png?fit=300%2C75&ssl=1\",\"contentUrl\":\"https:\\\/\\\/i0.wp.com\\\/vocal.erasmus.site\\\/wp-content\\\/uploads\\\/2018\\\/03\\\/LOGO_FINAL-300x75.png?fit=300%2C75&ssl=1\",\"width\":300,\"height\":75,\"caption\":\"Vocal in Need\"},\"image\":{\"@id\":\"https:\\\/\\\/vocal.erasmus.site\\\/#\\\/schema\\\/logo\\\/image\\\/\"}},{\"@type\":\"Person\",\"@id\":\"https:\\\/\\\/vocal.erasmus.site\\\/#\\\/schema\\\/person\\\/85ffe4958a85203fdb9df909efde7c34\",\"name\":\"admin\",\"image\":{\"@type\":\"ImageObject\",\"inLanguage\":\"tr\",\"@id\":\"https:\\\/\\\/secure.gravatar.com\\\/avatar\\\/c24bfdd45307cf22a3472c1da6949f775fd809231767deebce537dda381c81f0?s=96&d=mm&r=g\",\"url\":\"https:\\\/\\\/secure.gravatar.com\\\/avatar\\\/c24bfdd45307cf22a3472c1da6949f775fd809231767deebce537dda381c81f0?s=96&d=mm&r=g\",\"contentUrl\":\"https:\\\/\\\/secure.gravatar.com\\\/avatar\\\/c24bfdd45307cf22a3472c1da6949f775fd809231767deebce537dda381c81f0?s=96&d=mm&r=g\",\"caption\":\"admin\"},\"url\":\"https:\\\/\\\/vocal.erasmus.site\\\/tr\\\/author\\\/admin\\\/\"}]}<\/script>\n<!-- \/ Yoast SEO plugin. -->","yoast_head_json":{"title":"2.5. K\u00fclt\u00fcr\u00fcn boyutlar\u0131 - Vocal in Need","robots":{"index":"index","follow":"follow","max-snippet":"max-snippet:-1","max-image-preview":"max-image-preview:large","max-video-preview":"max-video-preview:-1"},"canonical":"https:\/\/vocal.erasmus.site\/tr\/modules\/module-5\/2-5-dimensions-of-culture\/","og_locale":"tr_TR","og_type":"article","og_title":"2.5. K\u00fclt\u00fcr\u00fcn boyutlar\u0131 - Vocal in Need","og_description":"K\u00fclt\u00fcr\u00fcn Boyutlar\u0131 Kararlar\u0131n\u0131z\u0131 i\u015f arkada\u015flar\u0131n\u0131za nas\u0131l iletti\u011finizi ya da bir aileye s\u0131n\u0131r d\u0131\u015f\u0131 edilece\u011fini nas\u0131l s\u00f6yleyece\u011finizi d\u00fc\u015f\u00fcnmek i\u00e7in kendinize bir dakika verin. Sizinle ayn\u0131 g\u00f6reve sahip farkl\u0131 k\u00fclt\u00fcrden birisinin bunu sizin s\u00f6yledi\u011finiz gibi s\u00f6ylemesini bekler misiniz? B\u00fcy\u00fck ihtimalle hay\u0131r diyeceksiniz. Ancak toplum \u00fcyelerinin belli bir durumda nas\u0131l davran\u0131p nas\u0131l tepki verece\u011fini nas\u0131l ay\u0131rt edebiliriz? \u0130htimallerden [&hellip;]","og_url":"https:\/\/vocal.erasmus.site\/tr\/modules\/module-5\/2-5-dimensions-of-culture\/","og_site_name":"Vocal in Need","article_published_time":"2019-05-15T16:26:00+00:00","article_modified_time":"2020-10-13T09:46:33+00:00","og_image":[{"url":"http:\/\/vocal.lvh.me\/wp-content\/uploads\/2019\/05\/Screenshot_2.jpg","type":"","width":"","height":""}],"author":"admin","twitter_card":"summary_large_image","twitter_misc":{"Yazan:":"admin","Tahmini okuma s\u00fcresi":"77 dakika"},"schema":{"@context":"https:\/\/schema.org","@graph":[{"@type":"Article","@id":"https:\/\/vocal.erasmus.site\/tr\/modules\/module-5\/2-5-dimensions-of-culture\/#article","isPartOf":{"@id":"https:\/\/vocal.erasmus.site\/tr\/modules\/module-5\/2-5-dimensions-of-culture\/"},"author":{"name":"admin","@id":"https:\/\/vocal.erasmus.site\/#\/schema\/person\/85ffe4958a85203fdb9df909efde7c34"},"headline":"2.5. K\u00fclt\u00fcr\u00fcn boyutlar\u0131","datePublished":"2019-05-15T16:26:00+00:00","dateModified":"2020-10-13T09:46:33+00:00","mainEntityOfPage":{"@id":"https:\/\/vocal.erasmus.site\/tr\/modules\/module-5\/2-5-dimensions-of-culture\/"},"wordCount":27601,"publisher":{"@id":"https:\/\/vocal.erasmus.site\/#organization"},"image":{"@id":"https:\/\/vocal.erasmus.site\/tr\/modules\/module-5\/2-5-dimensions-of-culture\/#primaryimage"},"thumbnailUrl":"http:\/\/vocal.lvh.me\/wp-content\/uploads\/2019\/05\/Screenshot_2.jpg","keywords":["content"],"articleSection":["Mod\u00fcl 5 \"K\u00fclt\u00fcrler aras\u0131 Fark\u0131ndal\u0131k\""],"inLanguage":"tr"},{"@type":"WebPage","@id":"https:\/\/vocal.erasmus.site\/tr\/modules\/module-5\/2-5-dimensions-of-culture\/","url":"https:\/\/vocal.erasmus.site\/tr\/modules\/module-5\/2-5-dimensions-of-culture\/","name":"2.5. K\u00fclt\u00fcr\u00fcn boyutlar\u0131 - Vocal in Need","isPartOf":{"@id":"https:\/\/vocal.erasmus.site\/#website"},"primaryImageOfPage":{"@id":"https:\/\/vocal.erasmus.site\/tr\/modules\/module-5\/2-5-dimensions-of-culture\/#primaryimage"},"image":{"@id":"https:\/\/vocal.erasmus.site\/tr\/modules\/module-5\/2-5-dimensions-of-culture\/#primaryimage"},"thumbnailUrl":"http:\/\/vocal.lvh.me\/wp-content\/uploads\/2019\/05\/Screenshot_2.jpg","datePublished":"2019-05-15T16:26:00+00:00","dateModified":"2020-10-13T09:46:33+00:00","breadcrumb":{"@id":"https:\/\/vocal.erasmus.site\/tr\/modules\/module-5\/2-5-dimensions-of-culture\/#breadcrumb"},"inLanguage":"tr","potentialAction":[{"@type":"ReadAction","target":["https:\/\/vocal.erasmus.site\/tr\/modules\/module-5\/2-5-dimensions-of-culture\/"]}]},{"@type":"ImageObject","inLanguage":"tr","@id":"https:\/\/vocal.erasmus.site\/tr\/modules\/module-5\/2-5-dimensions-of-culture\/#primaryimage","url":"http:\/\/vocal.lvh.me\/wp-content\/uploads\/2019\/05\/Screenshot_2.jpg","contentUrl":"http:\/\/vocal.lvh.me\/wp-content\/uploads\/2019\/05\/Screenshot_2.jpg"},{"@type":"BreadcrumbList","@id":"https:\/\/vocal.erasmus.site\/tr\/modules\/module-5\/2-5-dimensions-of-culture\/#breadcrumb","itemListElement":[{"@type":"ListItem","position":1,"name":"Home","item":"https:\/\/vocal.erasmus.site\/"},{"@type":"ListItem","position":2,"name":"2.5. K\u00fclt\u00fcr\u00fcn boyutlar\u0131"}]},{"@type":"WebSite","@id":"https:\/\/vocal.erasmus.site\/#website","url":"https:\/\/vocal.erasmus.site\/","name":"Vocal in Need","description":"","publisher":{"@id":"https:\/\/vocal.erasmus.site\/#organization"},"potentialAction":[{"@type":"SearchAction","target":{"@type":"EntryPoint","urlTemplate":"https:\/\/vocal.erasmus.site\/?s={search_term_string}"},"query-input":{"@type":"PropertyValueSpecification","valueRequired":true,"valueName":"search_term_string"}}],"inLanguage":"tr"},{"@type":"Organization","@id":"https:\/\/vocal.erasmus.site\/#organization","name":"Vocal in Need","url":"https:\/\/vocal.erasmus.site\/","logo":{"@type":"ImageObject","inLanguage":"tr","@id":"https:\/\/vocal.erasmus.site\/#\/schema\/logo\/image\/","url":"https:\/\/i0.wp.com\/vocal.erasmus.site\/wp-content\/uploads\/2018\/03\/LOGO_FINAL-300x75.png?fit=300%2C75&ssl=1","contentUrl":"https:\/\/i0.wp.com\/vocal.erasmus.site\/wp-content\/uploads\/2018\/03\/LOGO_FINAL-300x75.png?fit=300%2C75&ssl=1","width":300,"height":75,"caption":"Vocal in Need"},"image":{"@id":"https:\/\/vocal.erasmus.site\/#\/schema\/logo\/image\/"}},{"@type":"Person","@id":"https:\/\/vocal.erasmus.site\/#\/schema\/person\/85ffe4958a85203fdb9df909efde7c34","name":"admin","image":{"@type":"ImageObject","inLanguage":"tr","@id":"https:\/\/secure.gravatar.com\/avatar\/c24bfdd45307cf22a3472c1da6949f775fd809231767deebce537dda381c81f0?s=96&d=mm&r=g","url":"https:\/\/secure.gravatar.com\/avatar\/c24bfdd45307cf22a3472c1da6949f775fd809231767deebce537dda381c81f0?s=96&d=mm&r=g","contentUrl":"https:\/\/secure.gravatar.com\/avatar\/c24bfdd45307cf22a3472c1da6949f775fd809231767deebce537dda381c81f0?s=96&d=mm&r=g","caption":"admin"},"url":"https:\/\/vocal.erasmus.site\/tr\/author\/admin\/"}]}},"jetpack_publicize_connections":[],"jetpack_featured_media_url":"","jetpack_sharing_enabled":true,"jetpack_shortlink":"https:\/\/wp.me\/p9PcbK-cR","jetpack-related-posts":[],"_links":{"self":[{"href":"https:\/\/vocal.erasmus.site\/tr\/wp-json\/wp\/v2\/posts\/797","targetHints":{"allow":["GET"]}}],"collection":[{"href":"https:\/\/vocal.erasmus.site\/tr\/wp-json\/wp\/v2\/posts"}],"about":[{"href":"https:\/\/vocal.erasmus.site\/tr\/wp-json\/wp\/v2\/types\/post"}],"author":[{"embeddable":true,"href":"https:\/\/vocal.erasmus.site\/tr\/wp-json\/wp\/v2\/users\/2"}],"replies":[{"embeddable":true,"href":"https:\/\/vocal.erasmus.site\/tr\/wp-json\/wp\/v2\/comments?post=797"}],"version-history":[{"count":19,"href":"https:\/\/vocal.erasmus.site\/tr\/wp-json\/wp\/v2\/posts\/797\/revisions"}],"predecessor-version":[{"id":1309,"href":"https:\/\/vocal.erasmus.site\/tr\/wp-json\/wp\/v2\/posts\/797\/revisions\/1309"}],"wp:attachment":[{"href":"https:\/\/vocal.erasmus.site\/tr\/wp-json\/wp\/v2\/media?parent=797"}],"wp:term":[{"taxonomy":"category","embeddable":true,"href":"https:\/\/vocal.erasmus.site\/tr\/wp-json\/wp\/v2\/categories?post=797"},{"taxonomy":"post_tag","embeddable":true,"href":"https:\/\/vocal.erasmus.site\/tr\/wp-json\/wp\/v2\/tags?post=797"}],"curies":[{"name":"wp","href":"https:\/\/api.w.org\/{rel}","templated":true}]}}