{"id":862,"date":"2019-05-15T17:32:45","date_gmt":"2019-05-15T17:32:45","guid":{"rendered":"https:\/\/vocal.erasmus.site\/?p=862"},"modified":"2020-01-02T12:42:20","modified_gmt":"2020-01-02T12:42:20","slug":"3-1-the-bicycle","status":"publish","type":"post","link":"https:\/\/vocal.erasmus.site\/tr\/modules\/module-5\/3-1-the-bicycle\/","title":{"rendered":"3.1. Bisiklet"},"content":{"rendered":"<p>Afgan bir gen\u00e7 bisiklet s\u00fcrmektedir. Cuma namaz\u0131 i\u00e7in camiye gidiyordur. Bisiklet yolunu kullanmakta ancak \u00fc\u00e7 \u015feritli ana yol boyunca trafi\u011fin ak\u0131\u015f y\u00f6n\u00fcn\u00fcn tersine gidiyordur. Uzaktan bir polis arabas\u0131 yava\u015f\u00e7a yakla\u015fmaktad\u0131r. Gen\u00e7 adam h\u0131z\u0131n\u0131 artt\u0131r\u0131r ancak polis ile kar\u015f\u0131 kar\u015f\u0131ya gelmekten ka\u00e7\u0131\u015f yoktur. Polis arabas\u0131 durur ve genci yan\u0131na \u00e7a\u011f\u0131r\u0131r.<\/p>\n<p>Biri kad\u0131n, di\u011feri erkek iki polis memuru arabadan \u00e7\u0131kar. Kad\u0131n polis amirdir. Gence, yanl\u0131\u015f tarafta bisiklet kulland\u0131\u011f\u0131n\u0131 fark edip etmedi\u011fini sorar. Arabalar ona do\u011fru geliyordur, bu nedenle yolun kar\u015f\u0131 taraf\u0131nda bisikleti ile yol almas\u0131 gerekmektedir.\u00a0 Gen\u00e7 adam kad\u0131n polise bir bak\u0131\u015f atar, kendi kendine s\u00f6ylenir ve tekrar bisikleti ile yola devam etmek ister. Kad\u0131n polis ona durmas\u0131n\u0131 ve yolun yanl\u0131\u015f taraf\u0131nda bisiklet s\u00fcrd\u00fc\u011f\u00fcn\u00fc tekrarlar. Bu kez gen\u00e7 adam, erkek polise d\u00f6ner, bisiklet yolunda ilerledi\u011fini ve sorunun ne oldu\u011funu anlamad\u0131\u011f\u0131n\u0131 s\u00f6yler. Gitmesi gerekti\u011fini yoksa Cuma namaz\u0131na ge\u00e7 kalaca\u011f\u0131n\u0131 belirtir. Erkek polis bir ad\u0131m \u00f6ne \u00e7\u0131kar anacak hi\u00e7bir \u015fey s\u00f6ylemez. Kad\u0131n polis, ters y\u00f6nde bisiklet kullanmak tehlikeli olabilece\u011fi i\u00e7in yasak oldu\u011funu s\u00f6yler. 30 Euro cezas\u0131 vard\u0131r. Ayr\u0131ca gen\u00e7ten belgelerini ister. Gen\u00e7 adam erkek polise d\u00f6ner ve isteksizce istenilen belgeleri ona verir. Kad\u0131n polis, gen\u00e7 adam\u0131n cezay\u0131 hemen orada m\u0131 \u00f6deyece\u011fini yoksa ceza makbuzunun eve g\u00f6nderilmesini mi tercih etti\u011fini sorar. Gen\u00e7 adam hemen orada \u00f6demeye karar verir. Kad\u0131n polis, gergin oldu\u011funu belli etmemeye \u00e7al\u0131\u015farak cezay\u0131 yazar ve gen\u00e7 adama verir. Gen\u00e7 adam makbuzu al\u0131r ve kad\u0131n polisin y\u00fcz\u00fcne bir kez dahi bakmadan cezay\u0131 \u00f6der.<\/p>\n<p><strong>Gen\u00e7 adam\u0131n neden yukar\u0131da tasvir edildi\u011fi \u015fekilde davrand\u0131\u011f\u0131n\u0131 d\u00fc\u015f\u00fcn\u00fcyorsunuz? Muhtemel cevaplar\u0131 okuyun ve size en yak\u0131n gelen cevab\u0131 i\u015faretleyin. Verilen durumlar i\u00e7in birden fazla cevap m\u00fcmk\u00fcnd\u00fcr.<\/strong><br \/>\n<\/p>","protected":false},"excerpt":{"rendered":"<p>Afgan bir gen\u00e7 bisiklet s\u00fcrmektedir. Cuma namaz\u0131 i\u00e7in camiye gidiyordur. Bisiklet yolunu kullanmakta ancak \u00fc\u00e7 \u015feritli ana yol boyunca trafi\u011fin ak\u0131\u015f y\u00f6n\u00fcn\u00fcn tersine gidiyordur. Uzaktan bir polis arabas\u0131 yava\u015f\u00e7a yakla\u015fmaktad\u0131r. Gen\u00e7 adam h\u0131z\u0131n\u0131 artt\u0131r\u0131r ancak polis ile kar\u015f\u0131 kar\u015f\u0131ya gelmekten ka\u00e7\u0131\u015f yoktur. Polis arabas\u0131 durur ve genci yan\u0131na \u00e7a\u011f\u0131r\u0131r. Biri kad\u0131n, di\u011feri erkek iki polis [&hellip;]<\/p>\n","protected":false},"author":2,"featured_media":0,"comment_status":"closed","ping_status":"open","sticky":false,"template":"","format":"standard","meta":{"jetpack_post_was_ever_published":false,"_jetpack_newsletter_access":"","_jetpack_dont_email_post_to_subs":false,"_jetpack_newsletter_tier_id":0,"_jetpack_memberships_contains_paywalled_content":false,"_jetpack_memberships_contains_paid_content":false,"footnotes":"","jetpack_publicize_message":"","jetpack_publicize_feature_enabled":true,"jetpack_social_post_already_shared":false,"jetpack_social_options":{"image_generator_settings":{"template":"highway","default_image_id":0,"font":"","enabled":false},"version":2}},"categories":[11],"tags":[20],"class_list":["post-862","post","type-post","status-publish","format-standard","hentry","category-module-5","tag-content"],"yoast_head":"<!-- This site is optimized with the Yoast SEO plugin v27.4 - https:\/\/yoast.com\/product\/yoast-seo-wordpress\/ -->\n<title>3.1. Bisiklet - Vocal in Need<\/title>\n<meta name=\"robots\" content=\"index, follow, max-snippet:-1, max-image-preview:large, max-video-preview:-1\" \/>\n<link rel=\"canonical\" href=\"https:\/\/vocal.erasmus.site\/tr\/modules\/module-5\/3-1-the-bicycle\/\" \/>\n<meta property=\"og:locale\" content=\"tr_TR\" \/>\n<meta property=\"og:type\" content=\"article\" \/>\n<meta property=\"og:title\" content=\"3.1. Bisiklet - Vocal in Need\" \/>\n<meta property=\"og:description\" content=\"Afgan bir gen\u00e7 bisiklet s\u00fcrmektedir. Cuma namaz\u0131 i\u00e7in camiye gidiyordur. Bisiklet yolunu kullanmakta ancak \u00fc\u00e7 \u015feritli ana yol boyunca trafi\u011fin ak\u0131\u015f y\u00f6n\u00fcn\u00fcn tersine gidiyordur. Uzaktan bir polis arabas\u0131 yava\u015f\u00e7a yakla\u015fmaktad\u0131r. Gen\u00e7 adam h\u0131z\u0131n\u0131 artt\u0131r\u0131r ancak polis ile kar\u015f\u0131 kar\u015f\u0131ya gelmekten ka\u00e7\u0131\u015f yoktur. Polis arabas\u0131 durur ve genci yan\u0131na \u00e7a\u011f\u0131r\u0131r. Biri kad\u0131n, di\u011feri erkek iki polis [&hellip;]\" \/>\n<meta property=\"og:url\" content=\"https:\/\/vocal.erasmus.site\/tr\/modules\/module-5\/3-1-the-bicycle\/\" \/>\n<meta property=\"og:site_name\" content=\"Vocal in Need\" \/>\n<meta property=\"article:published_time\" content=\"2019-05-15T17:32:45+00:00\" \/>\n<meta property=\"article:modified_time\" content=\"2020-01-02T12:42:20+00:00\" \/>\n<meta name=\"author\" content=\"admin\" \/>\n<meta name=\"twitter:card\" content=\"summary_large_image\" \/>\n<meta name=\"twitter:label1\" content=\"Yazan:\" \/>\n\t<meta name=\"twitter:data1\" content=\"admin\" \/>\n\t<meta name=\"twitter:label2\" content=\"Tahmini okuma s\u00fcresi\" \/>\n\t<meta name=\"twitter:data2\" content=\"10 dakika\" \/>\n<script type=\"application\/ld+json\" class=\"yoast-schema-graph\">{\"@context\":\"https:\\\/\\\/schema.org\",\"@graph\":[{\"@type\":\"Article\",\"@id\":\"https:\\\/\\\/vocal.erasmus.site\\\/tr\\\/modules\\\/module-5\\\/3-1-the-bicycle\\\/#article\",\"isPartOf\":{\"@id\":\"https:\\\/\\\/vocal.erasmus.site\\\/tr\\\/modules\\\/module-5\\\/3-1-the-bicycle\\\/\"},\"author\":{\"name\":\"admin\",\"@id\":\"https:\\\/\\\/vocal.erasmus.site\\\/#\\\/schema\\\/person\\\/85ffe4958a85203fdb9df909efde7c34\"},\"headline\":\"3.1. Bisiklet\",\"datePublished\":\"2019-05-15T17:32:45+00:00\",\"dateModified\":\"2020-01-02T12:42:20+00:00\",\"mainEntityOfPage\":{\"@id\":\"https:\\\/\\\/vocal.erasmus.site\\\/tr\\\/modules\\\/module-5\\\/3-1-the-bicycle\\\/\"},\"wordCount\":3889,\"publisher\":{\"@id\":\"https:\\\/\\\/vocal.erasmus.site\\\/#organization\"},\"keywords\":[\"content\"],\"articleSection\":[\"Mod\u00fcl 5 \\\"K\u00fclt\u00fcrler aras\u0131 Fark\u0131ndal\u0131k\\\"\"],\"inLanguage\":\"tr\"},{\"@type\":\"WebPage\",\"@id\":\"https:\\\/\\\/vocal.erasmus.site\\\/tr\\\/modules\\\/module-5\\\/3-1-the-bicycle\\\/\",\"url\":\"https:\\\/\\\/vocal.erasmus.site\\\/tr\\\/modules\\\/module-5\\\/3-1-the-bicycle\\\/\",\"name\":\"3.1. Bisiklet - Vocal in Need\",\"isPartOf\":{\"@id\":\"https:\\\/\\\/vocal.erasmus.site\\\/#website\"},\"datePublished\":\"2019-05-15T17:32:45+00:00\",\"dateModified\":\"2020-01-02T12:42:20+00:00\",\"breadcrumb\":{\"@id\":\"https:\\\/\\\/vocal.erasmus.site\\\/tr\\\/modules\\\/module-5\\\/3-1-the-bicycle\\\/#breadcrumb\"},\"inLanguage\":\"tr\",\"potentialAction\":[{\"@type\":\"ReadAction\",\"target\":[\"https:\\\/\\\/vocal.erasmus.site\\\/tr\\\/modules\\\/module-5\\\/3-1-the-bicycle\\\/\"]}]},{\"@type\":\"BreadcrumbList\",\"@id\":\"https:\\\/\\\/vocal.erasmus.site\\\/tr\\\/modules\\\/module-5\\\/3-1-the-bicycle\\\/#breadcrumb\",\"itemListElement\":[{\"@type\":\"ListItem\",\"position\":1,\"name\":\"Home\",\"item\":\"https:\\\/\\\/vocal.erasmus.site\\\/\"},{\"@type\":\"ListItem\",\"position\":2,\"name\":\"3.1. Bisiklet\"}]},{\"@type\":\"WebSite\",\"@id\":\"https:\\\/\\\/vocal.erasmus.site\\\/#website\",\"url\":\"https:\\\/\\\/vocal.erasmus.site\\\/\",\"name\":\"Vocal in Need\",\"description\":\"\",\"publisher\":{\"@id\":\"https:\\\/\\\/vocal.erasmus.site\\\/#organization\"},\"potentialAction\":[{\"@type\":\"SearchAction\",\"target\":{\"@type\":\"EntryPoint\",\"urlTemplate\":\"https:\\\/\\\/vocal.erasmus.site\\\/?s={search_term_string}\"},\"query-input\":{\"@type\":\"PropertyValueSpecification\",\"valueRequired\":true,\"valueName\":\"search_term_string\"}}],\"inLanguage\":\"tr\"},{\"@type\":\"Organization\",\"@id\":\"https:\\\/\\\/vocal.erasmus.site\\\/#organization\",\"name\":\"Vocal in Need\",\"url\":\"https:\\\/\\\/vocal.erasmus.site\\\/\",\"logo\":{\"@type\":\"ImageObject\",\"inLanguage\":\"tr\",\"@id\":\"https:\\\/\\\/vocal.erasmus.site\\\/#\\\/schema\\\/logo\\\/image\\\/\",\"url\":\"https:\\\/\\\/i0.wp.com\\\/vocal.erasmus.site\\\/wp-content\\\/uploads\\\/2018\\\/03\\\/LOGO_FINAL-300x75.png?fit=300%2C75&ssl=1\",\"contentUrl\":\"https:\\\/\\\/i0.wp.com\\\/vocal.erasmus.site\\\/wp-content\\\/uploads\\\/2018\\\/03\\\/LOGO_FINAL-300x75.png?fit=300%2C75&ssl=1\",\"width\":300,\"height\":75,\"caption\":\"Vocal in Need\"},\"image\":{\"@id\":\"https:\\\/\\\/vocal.erasmus.site\\\/#\\\/schema\\\/logo\\\/image\\\/\"}},{\"@type\":\"Person\",\"@id\":\"https:\\\/\\\/vocal.erasmus.site\\\/#\\\/schema\\\/person\\\/85ffe4958a85203fdb9df909efde7c34\",\"name\":\"admin\",\"image\":{\"@type\":\"ImageObject\",\"inLanguage\":\"tr\",\"@id\":\"https:\\\/\\\/secure.gravatar.com\\\/avatar\\\/c24bfdd45307cf22a3472c1da6949f775fd809231767deebce537dda381c81f0?s=96&d=mm&r=g\",\"url\":\"https:\\\/\\\/secure.gravatar.com\\\/avatar\\\/c24bfdd45307cf22a3472c1da6949f775fd809231767deebce537dda381c81f0?s=96&d=mm&r=g\",\"contentUrl\":\"https:\\\/\\\/secure.gravatar.com\\\/avatar\\\/c24bfdd45307cf22a3472c1da6949f775fd809231767deebce537dda381c81f0?s=96&d=mm&r=g\",\"caption\":\"admin\"},\"url\":\"https:\\\/\\\/vocal.erasmus.site\\\/tr\\\/author\\\/admin\\\/\"}]}<\/script>\n<!-- \/ Yoast SEO plugin. -->","yoast_head_json":{"title":"3.1. Bisiklet - Vocal in Need","robots":{"index":"index","follow":"follow","max-snippet":"max-snippet:-1","max-image-preview":"max-image-preview:large","max-video-preview":"max-video-preview:-1"},"canonical":"https:\/\/vocal.erasmus.site\/tr\/modules\/module-5\/3-1-the-bicycle\/","og_locale":"tr_TR","og_type":"article","og_title":"3.1. Bisiklet - Vocal in Need","og_description":"Afgan bir gen\u00e7 bisiklet s\u00fcrmektedir. Cuma namaz\u0131 i\u00e7in camiye gidiyordur. Bisiklet yolunu kullanmakta ancak \u00fc\u00e7 \u015feritli ana yol boyunca trafi\u011fin ak\u0131\u015f y\u00f6n\u00fcn\u00fcn tersine gidiyordur. Uzaktan bir polis arabas\u0131 yava\u015f\u00e7a yakla\u015fmaktad\u0131r. Gen\u00e7 adam h\u0131z\u0131n\u0131 artt\u0131r\u0131r ancak polis ile kar\u015f\u0131 kar\u015f\u0131ya gelmekten ka\u00e7\u0131\u015f yoktur. Polis arabas\u0131 durur ve genci yan\u0131na \u00e7a\u011f\u0131r\u0131r. Biri kad\u0131n, di\u011feri erkek iki polis [&hellip;]","og_url":"https:\/\/vocal.erasmus.site\/tr\/modules\/module-5\/3-1-the-bicycle\/","og_site_name":"Vocal in Need","article_published_time":"2019-05-15T17:32:45+00:00","article_modified_time":"2020-01-02T12:42:20+00:00","author":"admin","twitter_card":"summary_large_image","twitter_misc":{"Yazan:":"admin","Tahmini okuma s\u00fcresi":"10 dakika"},"schema":{"@context":"https:\/\/schema.org","@graph":[{"@type":"Article","@id":"https:\/\/vocal.erasmus.site\/tr\/modules\/module-5\/3-1-the-bicycle\/#article","isPartOf":{"@id":"https:\/\/vocal.erasmus.site\/tr\/modules\/module-5\/3-1-the-bicycle\/"},"author":{"name":"admin","@id":"https:\/\/vocal.erasmus.site\/#\/schema\/person\/85ffe4958a85203fdb9df909efde7c34"},"headline":"3.1. Bisiklet","datePublished":"2019-05-15T17:32:45+00:00","dateModified":"2020-01-02T12:42:20+00:00","mainEntityOfPage":{"@id":"https:\/\/vocal.erasmus.site\/tr\/modules\/module-5\/3-1-the-bicycle\/"},"wordCount":3889,"publisher":{"@id":"https:\/\/vocal.erasmus.site\/#organization"},"keywords":["content"],"articleSection":["Mod\u00fcl 5 \"K\u00fclt\u00fcrler aras\u0131 Fark\u0131ndal\u0131k\""],"inLanguage":"tr"},{"@type":"WebPage","@id":"https:\/\/vocal.erasmus.site\/tr\/modules\/module-5\/3-1-the-bicycle\/","url":"https:\/\/vocal.erasmus.site\/tr\/modules\/module-5\/3-1-the-bicycle\/","name":"3.1. Bisiklet - Vocal in Need","isPartOf":{"@id":"https:\/\/vocal.erasmus.site\/#website"},"datePublished":"2019-05-15T17:32:45+00:00","dateModified":"2020-01-02T12:42:20+00:00","breadcrumb":{"@id":"https:\/\/vocal.erasmus.site\/tr\/modules\/module-5\/3-1-the-bicycle\/#breadcrumb"},"inLanguage":"tr","potentialAction":[{"@type":"ReadAction","target":["https:\/\/vocal.erasmus.site\/tr\/modules\/module-5\/3-1-the-bicycle\/"]}]},{"@type":"BreadcrumbList","@id":"https:\/\/vocal.erasmus.site\/tr\/modules\/module-5\/3-1-the-bicycle\/#breadcrumb","itemListElement":[{"@type":"ListItem","position":1,"name":"Home","item":"https:\/\/vocal.erasmus.site\/"},{"@type":"ListItem","position":2,"name":"3.1. Bisiklet"}]},{"@type":"WebSite","@id":"https:\/\/vocal.erasmus.site\/#website","url":"https:\/\/vocal.erasmus.site\/","name":"Vocal in Need","description":"","publisher":{"@id":"https:\/\/vocal.erasmus.site\/#organization"},"potentialAction":[{"@type":"SearchAction","target":{"@type":"EntryPoint","urlTemplate":"https:\/\/vocal.erasmus.site\/?s={search_term_string}"},"query-input":{"@type":"PropertyValueSpecification","valueRequired":true,"valueName":"search_term_string"}}],"inLanguage":"tr"},{"@type":"Organization","@id":"https:\/\/vocal.erasmus.site\/#organization","name":"Vocal in Need","url":"https:\/\/vocal.erasmus.site\/","logo":{"@type":"ImageObject","inLanguage":"tr","@id":"https:\/\/vocal.erasmus.site\/#\/schema\/logo\/image\/","url":"https:\/\/i0.wp.com\/vocal.erasmus.site\/wp-content\/uploads\/2018\/03\/LOGO_FINAL-300x75.png?fit=300%2C75&ssl=1","contentUrl":"https:\/\/i0.wp.com\/vocal.erasmus.site\/wp-content\/uploads\/2018\/03\/LOGO_FINAL-300x75.png?fit=300%2C75&ssl=1","width":300,"height":75,"caption":"Vocal in Need"},"image":{"@id":"https:\/\/vocal.erasmus.site\/#\/schema\/logo\/image\/"}},{"@type":"Person","@id":"https:\/\/vocal.erasmus.site\/#\/schema\/person\/85ffe4958a85203fdb9df909efde7c34","name":"admin","image":{"@type":"ImageObject","inLanguage":"tr","@id":"https:\/\/secure.gravatar.com\/avatar\/c24bfdd45307cf22a3472c1da6949f775fd809231767deebce537dda381c81f0?s=96&d=mm&r=g","url":"https:\/\/secure.gravatar.com\/avatar\/c24bfdd45307cf22a3472c1da6949f775fd809231767deebce537dda381c81f0?s=96&d=mm&r=g","contentUrl":"https:\/\/secure.gravatar.com\/avatar\/c24bfdd45307cf22a3472c1da6949f775fd809231767deebce537dda381c81f0?s=96&d=mm&r=g","caption":"admin"},"url":"https:\/\/vocal.erasmus.site\/tr\/author\/admin\/"}]}},"jetpack_publicize_connections":[],"jetpack_featured_media_url":"","jetpack_sharing_enabled":true,"jetpack_shortlink":"https:\/\/wp.me\/p9PcbK-dU","jetpack-related-posts":[],"_links":{"self":[{"href":"https:\/\/vocal.erasmus.site\/tr\/wp-json\/wp\/v2\/posts\/862","targetHints":{"allow":["GET"]}}],"collection":[{"href":"https:\/\/vocal.erasmus.site\/tr\/wp-json\/wp\/v2\/posts"}],"about":[{"href":"https:\/\/vocal.erasmus.site\/tr\/wp-json\/wp\/v2\/types\/post"}],"author":[{"embeddable":true,"href":"https:\/\/vocal.erasmus.site\/tr\/wp-json\/wp\/v2\/users\/2"}],"replies":[{"embeddable":true,"href":"https:\/\/vocal.erasmus.site\/tr\/wp-json\/wp\/v2\/comments?post=862"}],"version-history":[{"count":5,"href":"https:\/\/vocal.erasmus.site\/tr\/wp-json\/wp\/v2\/posts\/862\/revisions"}],"predecessor-version":[{"id":1126,"href":"https:\/\/vocal.erasmus.site\/tr\/wp-json\/wp\/v2\/posts\/862\/revisions\/1126"}],"wp:attachment":[{"href":"https:\/\/vocal.erasmus.site\/tr\/wp-json\/wp\/v2\/media?parent=862"}],"wp:term":[{"taxonomy":"category","embeddable":true,"href":"https:\/\/vocal.erasmus.site\/tr\/wp-json\/wp\/v2\/categories?post=862"},{"taxonomy":"post_tag","embeddable":true,"href":"https:\/\/vocal.erasmus.site\/tr\/wp-json\/wp\/v2\/tags?post=862"}],"curies":[{"name":"wp","href":"https:\/\/api.w.org\/{rel}","templated":true}]}}