{"id":865,"date":"2019-05-15T17:32:40","date_gmt":"2019-05-15T17:32:40","guid":{"rendered":"https:\/\/vocal.erasmus.site\/?p=865"},"modified":"2020-10-14T09:06:59","modified_gmt":"2020-10-14T09:06:59","slug":"4-intercultural-awareness","status":"publish","type":"post","link":"https:\/\/vocal.erasmus.site\/tr\/modules\/module-5\/4-intercultural-awareness\/","title":{"rendered":"4. K\u00fclt\u00fcrler aras\u0131 Fark\u0131ndal\u0131k"},"content":{"rendered":"<p><strong>\u2018Bisiklet\u2019 \u00f6rnek olay\u0131na dair k\u00fclt\u00fcrler aras\u0131 bilgi<\/strong><\/p>\n<p>M\u00fcsl\u00fcman toplumlarda bir erkek genellikle kad\u0131ndan daha \u00fcst\u00fcn pozisyondad\u0131r. Bunun sebebi ise Kuran\u2019\u0131n (Sure 4, 34) kad\u0131nlara ekonomik a\u00e7\u0131dan bakabilmeleri i\u00e7in erkeklere daha fazla yetki ve yetenekler bah\u015fetmesidir. Sonu\u00e7 olarak erkek egemenli\u011fi Allah taraf\u0131ndan emredilmi\u015ftir. Bu da soru 1\u2019de verilen sebeplerin gen\u00e7 adam\u0131n davran\u0131\u015flar\u0131 i\u00e7in muhtemel sebepler olmad\u0131klar\u0131 anlam\u0131na gelmektedir. Gen\u00e7 adam\u0131n davran\u0131\u015f\u0131, bir kad\u0131n\u0131n otoritesini kabul etmesini zorla\u015ft\u0131ran dini inan\u0131\u015f\u0131ndan dolay\u0131d\u0131r. Sonu\u00e7 olarak erkek egemenli\u011fi ilahi bir yarg\u0131d\u0131r.<\/p>\n<p>Erkeklerin ve kad\u0131nlar\u0131n onurunun t\u00fcm ko\u015fullarda korunmas\u0131 M\u00fcsl\u00fcman k\u00fclt\u00fcrlerin benlik kavram\u0131n\u0131n bir par\u00e7as\u0131d\u0131r. Onurlu bir kad\u0131n, erke\u011fi (cinsel anlamda) ba\u015ftan \u00e7\u0131karmamak i\u00e7in a\u011f\u0131r ba\u015fl\u0131 olmal\u0131d\u0131r (Sure 24, 31). M\u00fcsl\u00fcmanl\u0131k anlay\u0131\u015f\u0131na g\u00f6re yabanc\u0131 bir erkekle \u00e7ok a\u00e7\u0131k bir \u015fekilde konu\u015fan kad\u0131n kendi onurunu zedeler ve kocas\u0131n\u0131n hem onuruna hem de itibar\u0131na zarar verir.<\/p>\n<p>\u2018Bisiklet\u2019 \u00f6rnek olay\u0131nda, soru 3\u2019teki toplumsal cinsiyet konusu ger\u00e7ek bir tart\u0131\u015fma sebebi olabilir. Gen\u00e7 adam\u0131n g\u00f6z\u00fcnde kendi ahlak kurallar\u0131na g\u00f6re hareket eden ve bat\u0131 k\u00fclt\u00fcr\u00fcne ait kad\u0131n polis memuru muhtemelen onurlu bir kad\u0131n de\u011fildir \u00e7\u00fcnk\u00fc gen\u00e7 adam\u0131n kad\u0131nl\u0131k onuru anlay\u0131\u015f\u0131n\u0131n tersine hareket etmektedir. Gen\u00e7 adam\u0131n davran\u0131\u015flar\u0131, bat\u0131l\u0131 kad\u0131nlar\u0131n M\u00fcsl\u00fcman erkeklerin g\u00f6z\u00fcnde olumsuz ve kli\u015fele\u015fmi\u015f davran\u0131\u015flar\u0131ndan \u00f6t\u00fcr\u00fc olabilir \u00e7\u00fcnk\u00fc bat\u0131l\u0131 kad\u0131nlar dinin gerektirdi\u011fi kurallara uymamaktad\u0131r. Fakat bir ba\u015fka muhtemel a\u00e7\u0131klama vard\u0131r.<\/p>\n<p>M\u00fcsl\u00fcman toplumlarda ahlak kurallar\u0131n\u0131 takip etmek zorunludur. Ayn\u0131 aileye mensup olmayan M\u00fcsl\u00fcman kad\u0131n ve erke\u011fin G\u00f6z ya da v\u00fccut temas\u0131 kurmas\u0131 olduk\u00e7a nadir bir durumdur. El s\u0131k\u0131\u015fmak bile uygunsuz bir durum olabilir. M\u00fcsl\u00fcman k\u00fclt\u00fcrlerde her zaman kad\u0131n bir erkekle el s\u0131k\u0131\u015f\u0131p s\u0131k\u0131\u015fmayaca\u011f\u0131na karar verir. \u2018Bisiklet\u2019 \u00f6rne\u011finde gen\u00e7 adam kendi ahlak kurallar\u0131na g\u00f6re hareket ediyor olabilir. Bu durumda kad\u0131n polis memuruna bakmamas\u0131 gen\u00e7 adam\u0131n ona sayg\u0131 g\u00f6sterdi\u011fi anlam\u0131na gelir.<\/p>\n<p>M\u00fcsl\u00fcmanl\u0131k dini be\u015f \u015fart \u00fczerine kurulmu\u015ftur: Kelime-I \u015eahadet getirmek, namaz k\u0131lmak, zek\u00e2t vermek, oru\u00e7 tutmak ve hacca gitmek.<\/p>\n<p>M\u00fcsl\u00fcmanlar g\u00fcnde be\u015f vakit namaz k\u0131lmal\u0131. G\u00fcn i\u00e7inde ba\u015fka i\u015flerle namaz vakitlerini nas\u0131l ayarlayaca\u011f\u0131 bireyin kendisine kalm\u0131\u015ft\u0131r. Pek \u00e7ok M\u00fcsl\u00fcman, \u00f6zellikle hafta boyunca namaz vakitlerinde ibadetlerini yerine getirme \u015fans\u0131 bulamad\u0131klar\u0131nda,\u00a0 Cuma namaz\u0131na \u00f6zellikle \u00f6nem verirler. Burada a\u00e7\u0131klanan durumun da olay \u00f6rnekte rol oynad\u0131\u011f\u0131n\u0131 s\u00f6ylemek m\u00fcmk\u00fcn (soru 2).<\/p>\n<p>Gen\u00e7 adam\u0131n duygusal stres alt\u0131nda oldu\u011fu anla\u015f\u0131labilir olsa da sadece erkek polis memuru ile konu\u015fmas\u0131n\u0131n sebebinin bu olmas\u0131 \u00e7ok da muhtemel de\u011fil (soru 4). Yukar\u0131da a\u00e7\u0131klanan toplumsal cinsiyet konusunun gen\u00e7 adam\u0131n davran\u0131\u015flar\u0131 i\u00e7in ger\u00e7ek sebep te\u015fkil etmesi \u00e7ok daha muhtemeldir.<\/p>\n<p>Tavsiye:<\/p>\n<ul>\n<li>Davran\u0131\u015flar\u0131 ki\u015fisel alg\u0131lamay\u0131n \u2013davran\u0131\u015flar\u0131n k\u00fclt\u00fcrel sebepleri olabilir.<\/li>\n<li>Ba\u015fka k\u00fclt\u00fcrlerde toplumsal cinsiyet konusuna farkl\u0131 a\u00e7\u0131lardan bak\u0131ld\u0131\u011f\u0131n\u0131 unutmay\u0131n.<\/li>\n<li>Dinin di\u011fer k\u00fclt\u00fcrlerde daha farkl\u0131 bir rol oynad\u0131\u011f\u0131n\u0131 kabul edin.<\/li>\n<li>Mesleki rol ve stat\u00fcn\u00fcze dair \u00f6z g\u00fcveninizi kaybetmeyin.<\/li>\n<li>Sakin olun ve toplumsal cinsiyete kar\u015f\u0131 tutumlarda k\u00fclt\u00fcrel fark\u0131 akl\u0131n\u0131zdan \u00e7\u0131karmay\u0131n.<\/li>\n<\/ul>\n<p><strong>Bir m\u00fclteci merkezinde karga\u015fa&#8217; vaka \u00e7al\u0131\u015fmas\u0131 \u00fczerine k\u00fclt\u00fcrleraras\u0131 bilgiler<\/strong><\/p>\n<p>Sosyal hizmet g\u00f6revlisinin sinirli gruba ula\u015famamas\u0131n\u0131n sebebinin sesinin yeteri kadar y\u00fcksek olmamas\u0131ndan (soru 1) ya da yeteri kadar \u00e7abalamamas\u0131ndan (soru 2) dolay\u0131 olmas\u0131 muhtemel de\u011fildir.<\/p>\n<p>\u2018Topluluk\u00e7uluk-Bireycilik\u2019 boyutu \u2018M\u00fclteci merkezinde karga\u015fa\u2019 \u00f6rne\u011finde rol oynam\u0131\u015f olabilir. Orta Do\u011fu \u00fclkelerinin yan\u0131 s\u0131ra Fas, Cezayir ve Tunus gibi \u00fclkelerin bulundu\u011fu Kuzey Afrika topluluk\u00e7ulu\u011fu Polonya, \u00c7ek Cumhuriyeti, Almanya ya da Avusturya\u2019dan daha yo\u011fun bir \u015fekilde ya\u015far.<\/p>\n<p>Topluluk\u00e7uluk k\u00fclt\u00fcr\u00fcnde grup ya da grubun \u00e7\u0131karlar\u0131 bireyin beklentileri ya da isteklerinden daha \u00f6nemlidir. Birey, grup ile \u00f6zde\u015fle\u015fmi\u015ftir. Bu y\u00fczden bir m\u00fcltecinin s\u0131n\u0131r d\u0131\u015f\u0131 edilece\u011finin duyulmas\u0131, gruptan tek bir ki\u015fi i\u00e7in de\u011fil, b\u00fct\u00fcn grup i\u00e7in bir sorun te\u015fkil eder. Bundan dolay\u0131 \u2018M\u00fclteci merkezinde karga\u015fa\u2019 \u00f6rnek olay\u0131nda b\u00fct\u00fcn grubun sinirli olmas\u0131n\u0131n muhtemel sebebi budur.<\/p>\n<p>Kuzey Afrika gibi g\u00fc\u00e7l\u00fc bir \u015fekilde tan\u0131mlanm\u0131\u015f otorite yap\u0131lar\u0131na sahip topluluk\u00e7u k\u00fclt\u00fcrlerde baz\u0131 bireyler grup i\u00e7inde daha \u00fcst\u00fcn bir pozisyona sahiptir ve sayg\u0131de\u011fer bir otorite olarak g\u00f6r\u00fclebilirler.\u00a0 Baz\u0131 Arap ve Afrika \u00fclkelerinde g\u00f6r\u00fclen pek \u00e7ok topluluk\u00e7u ve hiyerar\u015fik k\u00fclt\u00fcrlerde g\u00fc\u00e7l\u00fc bir grup otoritesi karar alma g\u00fcc\u00fcne sahip olan ki\u015fidir ve grup s\u00f6zc\u00fcs\u00fcd\u00fcr. \u2018M\u00fclteci merkezinde karga\u015fa\u2019 \u00f6rne\u011finde sosyal hizmet g\u00f6revlisi grubun bir \u00fcyesi olmad\u0131\u011f\u0131 i\u00e7in gerekli otoriteye sahip olmamas\u0131 gayet normaldir (soru 3).<\/p>\n<p>\u2018M\u00fclteci merkezinde karga\u015fa\u2019 \u00f6rne\u011finde guruptaki en y\u00fcksek otorite arac\u0131l\u0131\u011f\u0131 ile ileti\u015fim kurulsayd\u0131 gruba ula\u015fmak daha kolay olabilirdi. \u00d6rnekte sosyal hizmet g\u00f6revlisi grubun en sayg\u0131de\u011fer ki\u015fisini se\u00e7meye ve durumu ona anlatmaya \u00e7al\u0131\u015fabilirdi. O zaman bu ki\u015fi grubun di\u011fer \u00fcyelerine durumu a\u00e7\u0131klayabilirdi. Bu a\u00e7\u0131dan bak\u0131ld\u0131\u011f\u0131nda sosyal hizmet g\u00f6revlisinin ileti\u015fim eksikli\u011fi oldu\u011fu s\u00f6ylenebilir (soru 4)<\/p>\n<p>Bir di\u011fer husus ise Fas gibi Kuzey Afrika \u00fclkelerinde belirsiz durumlar y\u00fcksek d\u00fczeyde stresi tetikler. S\u0131n\u0131r d\u0131\u015f\u0131 haberinin duyulmas\u0131 tek ba\u015f\u0131na belirsiz ve stresli bir durumdur ve hatta d\u00fc\u015f\u00fck belirsizlik tolerans endeksine sahip k\u00fclt\u00fcrlerde bile durum ayn\u0131d\u0131r. Bu ayr\u0131ca gruptaki karga\u015fay\u0131 k\u0131smen a\u00e7\u0131klar. Durum daha a\u00e7\u0131k bir hal ald\u0131\u011f\u0131nda (gruptaki otoritenin verdi\u011fi bilgi sayesinde) grubun tamam\u0131 sakinle\u015fecektir.<\/p>\n<p>Tavsiye:<\/p>\n<ul>\n<li>En y\u00fcksek otoriteye sahip ki\u015fiyi belirleyin, \u00f6rne\u011fin gruptaki en ya\u015fl\u0131 insan\u0131 bulmaya \u00e7al\u0131\u015farak ya da grubun kime hitap etti\u011fini g\u00f6zlemleyerek<\/li>\n<li>Sadece grup taraf\u0131ndan otorite olarak Kabul edildi\u011fini g\u00f6rd\u00fc\u011f\u00fcn\u00fcz ki\u015fi ile ileti\u015fime ge\u00e7in<\/li>\n<li>Grubu elinizden geldi\u011fince sakinle\u015ftirin.<\/li>\n<\/ul>\n<p><strong>\u2018Bireysel Ko\u00e7luk Seans\u0131\u2019 \u00f6rnek olay\u0131na dair k\u00fclt\u00fcrleraras\u0131 bilgi \u00a0&#8211; K\u00fclt\u00fcrel tavsiye b\u00f6l\u00fcm\u00fc<\/strong><\/p>\n<p>Do\u011fu Avrupa ve Orta Do\u011fu gibi baz\u0131 \u00fclkelerde insanlar ili\u015fki boyutunda ileti\u015fim kurmaya al\u0131\u015fk\u0131nd\u0131rlar. Almanya gibi baz\u0131 \u00fclkelerde ise insanlar daha \u00e7ok g\u00f6rev y\u00f6nelimlidir. Bu \u00fclkelerde ileti\u015fim ili\u015fki kurmaktan \u00e7ok g\u00f6revlerle alakal\u0131d\u0131r.<\/p>\n<p>\u0130leti\u015fimin daha \u00e7ok iyi bir ili\u015fki kurmak ama\u00e7l\u0131 oldu\u011fu \u00fclkelerdeki insanlar i\u00e7in ciddi konulara ya da i\u015f konusuna ge\u00e7meden \u00f6nce ki\u015fisel ili\u015fki kurmak \u00f6nemlidir. Bu durum \u00f6rnek olaydaki gen\u00e7 adam\u0131n niyetini g\u00f6sterebilir (soru 3). Gen\u00e7 adam dan\u0131\u015fman\u0131 ile ki\u015fisel bir ili\u015fki kurmak istemi\u015ftir. Bu nedenle gen\u00e7 adam\u0131n dan\u0131\u015fmana sayg\u0131s\u0131zl\u0131k etmi\u015f olmamas\u0131 muhtemeldir (soru 2).<\/p>\n<p>Bu durumun aksine, gen\u00e7 adam i\u00e7in g\u00f6r\u00fc\u015fme \u00e7ok \u00f6nemli oldu\u011fu i\u00e7in ba\u015fkalar\u0131n\u0131n \u00f6zel oldu\u011funu d\u00fc\u015f\u00fcnd\u00fc\u011f\u00fc konular hakk\u0131nda \u00e7ok fazla soru sorarak muhtemelen arkada\u015f canl\u0131s\u0131 olmak i\u00e7in elinden gelenin en iyisini yapm\u0131\u015ft\u0131r. Herhangi bir konunun \u00f6zel olarak alg\u0131lan\u0131p alg\u0131lanmayaca\u011f\u0131 k\u00fclt\u00fcr etkeniyle a\u00e7\u0131klanabilir. Baz\u0131 Arap ve Afrika k\u00fclt\u00fcrleri karma\u015f\u0131k ve olduk\u00e7a resmi tan\u0131\u015fma \u015fekilleri vard\u0131r, \u00f6rne\u011fin aile, sa\u011fl\u0131k ve genel durum hakk\u0131nda sorulan adet haline gelmi\u015f sorular gibi. Gen\u00e7 adam muhtemelen kendi a\u00e7\u0131s\u0131ndan bu durum i\u00e7in en uygun oldu\u011funu d\u00fc\u015f\u00fcnd\u00fc\u011f\u00fc ileti\u015fim \u015feklini kullanm\u0131\u015ft\u0131r (soru 4).<\/p>\n<p>Bir di\u011fer yandan dan\u0131\u015fman b\u00fcy\u00fck olas\u0131l\u0131kla gen\u00e7 adama dikkatini vermeden \u00f6nce yapt\u0131\u011f\u0131 i\u015fi bitirmeyi tercih etmi\u015ftir. E\u011fer dan\u0131\u015fman biraz daha deneyimli olsayd\u0131 muhtemelen kibarl\u0131k olsun diye kar\u015f\u0131l\u0131k olarak soru sorabilir ve ayn\u0131 zamanda gen\u00e7 adam hakk\u0131nda daha fazla bilgi edinebilirdi.\u00a0 Bu da aralar\u0131ndaki g\u00fcveni ve samimiyeti artt\u0131r\u0131rd\u0131.<\/p>\n<p>Tavsiye:<\/p>\n<ul>\n<li>Sizin \u2018\u00f6zel\u2019 olarak alg\u0131lad\u0131\u011f\u0131n\u0131z sorular\u0131n di\u011fer k\u00fclt\u00fcrlerde kibar olmak ama\u00e7l\u0131 sorulabilece\u011fini kabul edin.<\/li>\n<li>Di\u011fer k\u00fclt\u00fcrlerin size ilgin\u00e7 gelen farkl\u0131 ileti\u015fim y\u00f6ntemlerine sahip oldu\u011funu unutmay\u0131n.<\/li>\n<li>Size sorulan sorular\u0131n kar\u015f\u0131l\u0131\u011f\u0131nda siz de ayn\u0131 sorular\u0131 sormay\u0131 deneyin. Kar\u015f\u0131n\u0131zdaki ki\u015fi sizi g\u00fcven ve a\u00e7\u0131k s\u00f6zl\u00fcl\u00fck ile \u00f6d\u00fcllendirebilir.<\/li>\n<\/ul>\n<p><\/p>","protected":false},"excerpt":{"rendered":"<p>\u2018Bisiklet\u2019 \u00f6rnek olay\u0131na dair k\u00fclt\u00fcrler aras\u0131 bilgi M\u00fcsl\u00fcman toplumlarda bir erkek genellikle kad\u0131ndan daha \u00fcst\u00fcn pozisyondad\u0131r. Bunun sebebi ise Kuran\u2019\u0131n (Sure 4, 34) kad\u0131nlara ekonomik a\u00e7\u0131dan bakabilmeleri i\u00e7in erkeklere daha fazla yetki ve yetenekler bah\u015fetmesidir. Sonu\u00e7 olarak erkek egemenli\u011fi Allah taraf\u0131ndan emredilmi\u015ftir. Bu da soru 1\u2019de verilen sebeplerin gen\u00e7 adam\u0131n davran\u0131\u015flar\u0131 i\u00e7in muhtemel sebepler olmad\u0131klar\u0131 [&hellip;]<\/p>\n","protected":false},"author":2,"featured_media":0,"comment_status":"closed","ping_status":"open","sticky":false,"template":"","format":"standard","meta":{"jetpack_post_was_ever_published":false,"_jetpack_newsletter_access":"","_jetpack_dont_email_post_to_subs":false,"_jetpack_newsletter_tier_id":0,"_jetpack_memberships_contains_paywalled_content":false,"_jetpack_memberships_contains_paid_content":false,"footnotes":"","jetpack_publicize_message":"","jetpack_publicize_feature_enabled":true,"jetpack_social_post_already_shared":false,"jetpack_social_options":{"image_generator_settings":{"template":"highway","default_image_id":0,"font":"","enabled":false},"version":2}},"categories":[11],"tags":[],"class_list":["post-865","post","type-post","status-publish","format-standard","hentry","category-module-5"],"yoast_head":"<!-- This site is optimized with the Yoast SEO plugin v27.4 - https:\/\/yoast.com\/product\/yoast-seo-wordpress\/ -->\n<title>4. K\u00fclt\u00fcrler aras\u0131 Fark\u0131ndal\u0131k - Vocal in Need<\/title>\n<meta name=\"robots\" content=\"index, follow, max-snippet:-1, max-image-preview:large, max-video-preview:-1\" \/>\n<link rel=\"canonical\" href=\"https:\/\/vocal.erasmus.site\/tr\/modules\/module-5\/4-intercultural-awareness\/\" \/>\n<meta property=\"og:locale\" content=\"tr_TR\" \/>\n<meta property=\"og:type\" content=\"article\" \/>\n<meta property=\"og:title\" content=\"4. K\u00fclt\u00fcrler aras\u0131 Fark\u0131ndal\u0131k - Vocal in Need\" \/>\n<meta property=\"og:description\" content=\"\u2018Bisiklet\u2019 \u00f6rnek olay\u0131na dair k\u00fclt\u00fcrler aras\u0131 bilgi M\u00fcsl\u00fcman toplumlarda bir erkek genellikle kad\u0131ndan daha \u00fcst\u00fcn pozisyondad\u0131r. Bunun sebebi ise Kuran\u2019\u0131n (Sure 4, 34) kad\u0131nlara ekonomik a\u00e7\u0131dan bakabilmeleri i\u00e7in erkeklere daha fazla yetki ve yetenekler bah\u015fetmesidir. Sonu\u00e7 olarak erkek egemenli\u011fi Allah taraf\u0131ndan emredilmi\u015ftir. Bu da soru 1\u2019de verilen sebeplerin gen\u00e7 adam\u0131n davran\u0131\u015flar\u0131 i\u00e7in muhtemel sebepler olmad\u0131klar\u0131 [&hellip;]\" \/>\n<meta property=\"og:url\" content=\"https:\/\/vocal.erasmus.site\/tr\/modules\/module-5\/4-intercultural-awareness\/\" \/>\n<meta property=\"og:site_name\" content=\"Vocal in Need\" \/>\n<meta property=\"article:published_time\" content=\"2019-05-15T17:32:40+00:00\" \/>\n<meta property=\"article:modified_time\" content=\"2020-10-14T09:06:59+00:00\" \/>\n<meta name=\"author\" content=\"admin\" \/>\n<meta name=\"twitter:card\" content=\"summary_large_image\" \/>\n<meta name=\"twitter:label1\" content=\"Yazan:\" \/>\n\t<meta name=\"twitter:data1\" content=\"admin\" \/>\n\t<meta name=\"twitter:label2\" content=\"Tahmini okuma s\u00fcresi\" \/>\n\t<meta name=\"twitter:data2\" content=\"42 dakika\" \/>\n<script type=\"application\/ld+json\" class=\"yoast-schema-graph\">{\"@context\":\"https:\\\/\\\/schema.org\",\"@graph\":[{\"@type\":\"Article\",\"@id\":\"https:\\\/\\\/vocal.erasmus.site\\\/tr\\\/modules\\\/module-5\\\/4-intercultural-awareness\\\/#article\",\"isPartOf\":{\"@id\":\"https:\\\/\\\/vocal.erasmus.site\\\/tr\\\/modules\\\/module-5\\\/4-intercultural-awareness\\\/\"},\"author\":{\"name\":\"admin\",\"@id\":\"https:\\\/\\\/vocal.erasmus.site\\\/#\\\/schema\\\/person\\\/85ffe4958a85203fdb9df909efde7c34\"},\"headline\":\"4. K\u00fclt\u00fcrler aras\u0131 Fark\u0131ndal\u0131k\",\"datePublished\":\"2019-05-15T17:32:40+00:00\",\"dateModified\":\"2020-10-14T09:06:59+00:00\",\"mainEntityOfPage\":{\"@id\":\"https:\\\/\\\/vocal.erasmus.site\\\/tr\\\/modules\\\/module-5\\\/4-intercultural-awareness\\\/\"},\"wordCount\":16117,\"publisher\":{\"@id\":\"https:\\\/\\\/vocal.erasmus.site\\\/#organization\"},\"articleSection\":[\"Mod\u00fcl 5 \\\"K\u00fclt\u00fcrler aras\u0131 Fark\u0131ndal\u0131k\\\"\"],\"inLanguage\":\"tr\"},{\"@type\":\"WebPage\",\"@id\":\"https:\\\/\\\/vocal.erasmus.site\\\/tr\\\/modules\\\/module-5\\\/4-intercultural-awareness\\\/\",\"url\":\"https:\\\/\\\/vocal.erasmus.site\\\/tr\\\/modules\\\/module-5\\\/4-intercultural-awareness\\\/\",\"name\":\"4. K\u00fclt\u00fcrler aras\u0131 Fark\u0131ndal\u0131k - Vocal in Need\",\"isPartOf\":{\"@id\":\"https:\\\/\\\/vocal.erasmus.site\\\/#website\"},\"datePublished\":\"2019-05-15T17:32:40+00:00\",\"dateModified\":\"2020-10-14T09:06:59+00:00\",\"breadcrumb\":{\"@id\":\"https:\\\/\\\/vocal.erasmus.site\\\/tr\\\/modules\\\/module-5\\\/4-intercultural-awareness\\\/#breadcrumb\"},\"inLanguage\":\"tr\",\"potentialAction\":[{\"@type\":\"ReadAction\",\"target\":[\"https:\\\/\\\/vocal.erasmus.site\\\/tr\\\/modules\\\/module-5\\\/4-intercultural-awareness\\\/\"]}]},{\"@type\":\"BreadcrumbList\",\"@id\":\"https:\\\/\\\/vocal.erasmus.site\\\/tr\\\/modules\\\/module-5\\\/4-intercultural-awareness\\\/#breadcrumb\",\"itemListElement\":[{\"@type\":\"ListItem\",\"position\":1,\"name\":\"Home\",\"item\":\"https:\\\/\\\/vocal.erasmus.site\\\/\"},{\"@type\":\"ListItem\",\"position\":2,\"name\":\"4. K\u00fclt\u00fcrler aras\u0131 Fark\u0131ndal\u0131k\"}]},{\"@type\":\"WebSite\",\"@id\":\"https:\\\/\\\/vocal.erasmus.site\\\/#website\",\"url\":\"https:\\\/\\\/vocal.erasmus.site\\\/\",\"name\":\"Vocal in Need\",\"description\":\"\",\"publisher\":{\"@id\":\"https:\\\/\\\/vocal.erasmus.site\\\/#organization\"},\"potentialAction\":[{\"@type\":\"SearchAction\",\"target\":{\"@type\":\"EntryPoint\",\"urlTemplate\":\"https:\\\/\\\/vocal.erasmus.site\\\/?s={search_term_string}\"},\"query-input\":{\"@type\":\"PropertyValueSpecification\",\"valueRequired\":true,\"valueName\":\"search_term_string\"}}],\"inLanguage\":\"tr\"},{\"@type\":\"Organization\",\"@id\":\"https:\\\/\\\/vocal.erasmus.site\\\/#organization\",\"name\":\"Vocal in Need\",\"url\":\"https:\\\/\\\/vocal.erasmus.site\\\/\",\"logo\":{\"@type\":\"ImageObject\",\"inLanguage\":\"tr\",\"@id\":\"https:\\\/\\\/vocal.erasmus.site\\\/#\\\/schema\\\/logo\\\/image\\\/\",\"url\":\"https:\\\/\\\/i0.wp.com\\\/vocal.erasmus.site\\\/wp-content\\\/uploads\\\/2018\\\/03\\\/LOGO_FINAL-300x75.png?fit=300%2C75&ssl=1\",\"contentUrl\":\"https:\\\/\\\/i0.wp.com\\\/vocal.erasmus.site\\\/wp-content\\\/uploads\\\/2018\\\/03\\\/LOGO_FINAL-300x75.png?fit=300%2C75&ssl=1\",\"width\":300,\"height\":75,\"caption\":\"Vocal in Need\"},\"image\":{\"@id\":\"https:\\\/\\\/vocal.erasmus.site\\\/#\\\/schema\\\/logo\\\/image\\\/\"}},{\"@type\":\"Person\",\"@id\":\"https:\\\/\\\/vocal.erasmus.site\\\/#\\\/schema\\\/person\\\/85ffe4958a85203fdb9df909efde7c34\",\"name\":\"admin\",\"image\":{\"@type\":\"ImageObject\",\"inLanguage\":\"tr\",\"@id\":\"https:\\\/\\\/secure.gravatar.com\\\/avatar\\\/c24bfdd45307cf22a3472c1da6949f775fd809231767deebce537dda381c81f0?s=96&d=mm&r=g\",\"url\":\"https:\\\/\\\/secure.gravatar.com\\\/avatar\\\/c24bfdd45307cf22a3472c1da6949f775fd809231767deebce537dda381c81f0?s=96&d=mm&r=g\",\"contentUrl\":\"https:\\\/\\\/secure.gravatar.com\\\/avatar\\\/c24bfdd45307cf22a3472c1da6949f775fd809231767deebce537dda381c81f0?s=96&d=mm&r=g\",\"caption\":\"admin\"},\"url\":\"https:\\\/\\\/vocal.erasmus.site\\\/tr\\\/author\\\/admin\\\/\"}]}<\/script>\n<!-- \/ Yoast SEO plugin. -->","yoast_head_json":{"title":"4. K\u00fclt\u00fcrler aras\u0131 Fark\u0131ndal\u0131k - Vocal in Need","robots":{"index":"index","follow":"follow","max-snippet":"max-snippet:-1","max-image-preview":"max-image-preview:large","max-video-preview":"max-video-preview:-1"},"canonical":"https:\/\/vocal.erasmus.site\/tr\/modules\/module-5\/4-intercultural-awareness\/","og_locale":"tr_TR","og_type":"article","og_title":"4. K\u00fclt\u00fcrler aras\u0131 Fark\u0131ndal\u0131k - Vocal in Need","og_description":"\u2018Bisiklet\u2019 \u00f6rnek olay\u0131na dair k\u00fclt\u00fcrler aras\u0131 bilgi M\u00fcsl\u00fcman toplumlarda bir erkek genellikle kad\u0131ndan daha \u00fcst\u00fcn pozisyondad\u0131r. Bunun sebebi ise Kuran\u2019\u0131n (Sure 4, 34) kad\u0131nlara ekonomik a\u00e7\u0131dan bakabilmeleri i\u00e7in erkeklere daha fazla yetki ve yetenekler bah\u015fetmesidir. Sonu\u00e7 olarak erkek egemenli\u011fi Allah taraf\u0131ndan emredilmi\u015ftir. Bu da soru 1\u2019de verilen sebeplerin gen\u00e7 adam\u0131n davran\u0131\u015flar\u0131 i\u00e7in muhtemel sebepler olmad\u0131klar\u0131 [&hellip;]","og_url":"https:\/\/vocal.erasmus.site\/tr\/modules\/module-5\/4-intercultural-awareness\/","og_site_name":"Vocal in Need","article_published_time":"2019-05-15T17:32:40+00:00","article_modified_time":"2020-10-14T09:06:59+00:00","author":"admin","twitter_card":"summary_large_image","twitter_misc":{"Yazan:":"admin","Tahmini okuma s\u00fcresi":"42 dakika"},"schema":{"@context":"https:\/\/schema.org","@graph":[{"@type":"Article","@id":"https:\/\/vocal.erasmus.site\/tr\/modules\/module-5\/4-intercultural-awareness\/#article","isPartOf":{"@id":"https:\/\/vocal.erasmus.site\/tr\/modules\/module-5\/4-intercultural-awareness\/"},"author":{"name":"admin","@id":"https:\/\/vocal.erasmus.site\/#\/schema\/person\/85ffe4958a85203fdb9df909efde7c34"},"headline":"4. K\u00fclt\u00fcrler aras\u0131 Fark\u0131ndal\u0131k","datePublished":"2019-05-15T17:32:40+00:00","dateModified":"2020-10-14T09:06:59+00:00","mainEntityOfPage":{"@id":"https:\/\/vocal.erasmus.site\/tr\/modules\/module-5\/4-intercultural-awareness\/"},"wordCount":16117,"publisher":{"@id":"https:\/\/vocal.erasmus.site\/#organization"},"articleSection":["Mod\u00fcl 5 \"K\u00fclt\u00fcrler aras\u0131 Fark\u0131ndal\u0131k\""],"inLanguage":"tr"},{"@type":"WebPage","@id":"https:\/\/vocal.erasmus.site\/tr\/modules\/module-5\/4-intercultural-awareness\/","url":"https:\/\/vocal.erasmus.site\/tr\/modules\/module-5\/4-intercultural-awareness\/","name":"4. K\u00fclt\u00fcrler aras\u0131 Fark\u0131ndal\u0131k - Vocal in Need","isPartOf":{"@id":"https:\/\/vocal.erasmus.site\/#website"},"datePublished":"2019-05-15T17:32:40+00:00","dateModified":"2020-10-14T09:06:59+00:00","breadcrumb":{"@id":"https:\/\/vocal.erasmus.site\/tr\/modules\/module-5\/4-intercultural-awareness\/#breadcrumb"},"inLanguage":"tr","potentialAction":[{"@type":"ReadAction","target":["https:\/\/vocal.erasmus.site\/tr\/modules\/module-5\/4-intercultural-awareness\/"]}]},{"@type":"BreadcrumbList","@id":"https:\/\/vocal.erasmus.site\/tr\/modules\/module-5\/4-intercultural-awareness\/#breadcrumb","itemListElement":[{"@type":"ListItem","position":1,"name":"Home","item":"https:\/\/vocal.erasmus.site\/"},{"@type":"ListItem","position":2,"name":"4. K\u00fclt\u00fcrler aras\u0131 Fark\u0131ndal\u0131k"}]},{"@type":"WebSite","@id":"https:\/\/vocal.erasmus.site\/#website","url":"https:\/\/vocal.erasmus.site\/","name":"Vocal in Need","description":"","publisher":{"@id":"https:\/\/vocal.erasmus.site\/#organization"},"potentialAction":[{"@type":"SearchAction","target":{"@type":"EntryPoint","urlTemplate":"https:\/\/vocal.erasmus.site\/?s={search_term_string}"},"query-input":{"@type":"PropertyValueSpecification","valueRequired":true,"valueName":"search_term_string"}}],"inLanguage":"tr"},{"@type":"Organization","@id":"https:\/\/vocal.erasmus.site\/#organization","name":"Vocal in Need","url":"https:\/\/vocal.erasmus.site\/","logo":{"@type":"ImageObject","inLanguage":"tr","@id":"https:\/\/vocal.erasmus.site\/#\/schema\/logo\/image\/","url":"https:\/\/i0.wp.com\/vocal.erasmus.site\/wp-content\/uploads\/2018\/03\/LOGO_FINAL-300x75.png?fit=300%2C75&ssl=1","contentUrl":"https:\/\/i0.wp.com\/vocal.erasmus.site\/wp-content\/uploads\/2018\/03\/LOGO_FINAL-300x75.png?fit=300%2C75&ssl=1","width":300,"height":75,"caption":"Vocal in Need"},"image":{"@id":"https:\/\/vocal.erasmus.site\/#\/schema\/logo\/image\/"}},{"@type":"Person","@id":"https:\/\/vocal.erasmus.site\/#\/schema\/person\/85ffe4958a85203fdb9df909efde7c34","name":"admin","image":{"@type":"ImageObject","inLanguage":"tr","@id":"https:\/\/secure.gravatar.com\/avatar\/c24bfdd45307cf22a3472c1da6949f775fd809231767deebce537dda381c81f0?s=96&d=mm&r=g","url":"https:\/\/secure.gravatar.com\/avatar\/c24bfdd45307cf22a3472c1da6949f775fd809231767deebce537dda381c81f0?s=96&d=mm&r=g","contentUrl":"https:\/\/secure.gravatar.com\/avatar\/c24bfdd45307cf22a3472c1da6949f775fd809231767deebce537dda381c81f0?s=96&d=mm&r=g","caption":"admin"},"url":"https:\/\/vocal.erasmus.site\/tr\/author\/admin\/"}]}},"jetpack_publicize_connections":[],"jetpack_featured_media_url":"","jetpack_sharing_enabled":true,"jetpack_shortlink":"https:\/\/wp.me\/p9PcbK-dX","jetpack-related-posts":[],"_links":{"self":[{"href":"https:\/\/vocal.erasmus.site\/tr\/wp-json\/wp\/v2\/posts\/865","targetHints":{"allow":["GET"]}}],"collection":[{"href":"https:\/\/vocal.erasmus.site\/tr\/wp-json\/wp\/v2\/posts"}],"about":[{"href":"https:\/\/vocal.erasmus.site\/tr\/wp-json\/wp\/v2\/types\/post"}],"author":[{"embeddable":true,"href":"https:\/\/vocal.erasmus.site\/tr\/wp-json\/wp\/v2\/users\/2"}],"replies":[{"embeddable":true,"href":"https:\/\/vocal.erasmus.site\/tr\/wp-json\/wp\/v2\/comments?post=865"}],"version-history":[{"count":5,"href":"https:\/\/vocal.erasmus.site\/tr\/wp-json\/wp\/v2\/posts\/865\/revisions"}],"predecessor-version":[{"id":1310,"href":"https:\/\/vocal.erasmus.site\/tr\/wp-json\/wp\/v2\/posts\/865\/revisions\/1310"}],"wp:attachment":[{"href":"https:\/\/vocal.erasmus.site\/tr\/wp-json\/wp\/v2\/media?parent=865"}],"wp:term":[{"taxonomy":"category","embeddable":true,"href":"https:\/\/vocal.erasmus.site\/tr\/wp-json\/wp\/v2\/categories?post=865"},{"taxonomy":"post_tag","embeddable":true,"href":"https:\/\/vocal.erasmus.site\/tr\/wp-json\/wp\/v2\/tags?post=865"}],"curies":[{"name":"wp","href":"https:\/\/api.w.org\/{rel}","templated":true}]}}